{"id":948,"date":"2012-03-07T10:50:30","date_gmt":"2012-03-07T09:50:30","guid":{"rendered":"http:\/\/www.lebeaukal.fr\/blog\/?p=948"},"modified":"2025-05-20T10:58:51","modified_gmt":"2025-05-20T08:58:51","slug":"mercredi-7-mars-2012-bristol-auteurs-francophones-plus-lus-de-lannee-2011","status":"publish","type":"post","link":"https:\/\/www.lebeaukal.fr\/blog\/mercredi-7-mars-2012-bristol-auteurs-francophones-plus-lus-de-lannee-2011\/","title":{"rendered":"Les Best Sellers de l&rsquo;Express 2011 au Bristol"},"content":{"rendered":"<p class=\"orange Style7\" align=\"center\">Mercredi 7 mars 2012 au Bristol : les auteurs francophones les plus lus de l&rsquo;ann\u00e9e 2011<\/p>\n<p class=\"orange Style7\" align=\"center\">(pamar\u00e8s L&rsquo;Express-RTL-Tite Live)<\/p>\n<p class=\"orange Style7\" align=\"center\">\u00a9 Christian de Brosses \/ Le Beaukal<\/p>\n<div class=\"fusion-fullwidth fullwidth-box fusion-builder-row-1 hundred-percent-fullwidth non-hundred-percent-height-scrolling\" style=\"background-color: rgba(255,255,255,0);background-position: center center;background-repeat: no-repeat;padding-top:0px;padding-right:0px;padding-bottom:0px;padding-left:0px;margin-bottom: 0px;margin-top: 0px;border-width: 0px 0px 0px 0px;border-color:#eae9e9;border-style:solid;\" ><div class=\"fusion-builder-row fusion-row\"><div class=\"fusion-layout-column fusion_builder_column fusion-builder-column-0 fusion_builder_column_1_1 1_1 fusion-one-full fusion-column-first fusion-column-last fusion-column-no-min-height\" style=\"margin-top:0px;margin-bottom:0px;\"><div class=\"fusion-column-wrapper fusion-flex-column-wrapper-legacy\" style=\"background-position:left top;background-repeat:no-repeat;-webkit-background-size:cover;-moz-background-size:cover;-o-background-size:cover;background-size:cover;padding: 0px 0px 0px 0px;\"><div id=\"attachment_949\" style=\"width: 310px\" class=\"wp-caption aligncenter\"><a href=\"http:\/\/www.lebeaukal.fr\/blog\/wp-content\/uploads\/2018\/03\/Best2011.jpg\"><img decoding=\"async\" aria-describedby=\"caption-attachment-949\" class=\"wp-image-949 size-medium\" title=\"Mercredi 7 mars 2012 au Bristol : les auteurs francophones les plus lus de l'ann\u00e9e 2011\" src=\"http:\/\/www.lebeaukal.fr\/blog\/wp-content\/uploads\/2018\/03\/Best2011-300x250.jpg\" alt=\"Mercredi 7 mars 2012 au Bristol : les auteurs francophones les plus lus de l'ann\u00e9e 2011\" width=\"300\" height=\"250\" srcset=\"https:\/\/www.lebeaukal.fr\/blog\/wp-content\/uploads\/2018\/03\/Best2011-200x167.jpg 200w, https:\/\/www.lebeaukal.fr\/blog\/wp-content\/uploads\/2018\/03\/Best2011-300x250.jpg 300w, https:\/\/www.lebeaukal.fr\/blog\/wp-content\/uploads\/2018\/03\/Best2011-400x333.jpg 400w, https:\/\/www.lebeaukal.fr\/blog\/wp-content\/uploads\/2018\/03\/Best2011-600x500.jpg 600w, https:\/\/www.lebeaukal.fr\/blog\/wp-content\/uploads\/2018\/03\/Best2011-768x640.jpg 768w, https:\/\/www.lebeaukal.fr\/blog\/wp-content\/uploads\/2018\/03\/Best2011-800x667.jpg 800w, https:\/\/www.lebeaukal.fr\/blog\/wp-content\/uploads\/2018\/03\/Best2011.jpg 900w\" sizes=\"(max-width: 300px) 100vw, 300px\" \/><\/a><p id=\"caption-attachment-949\" class=\"wp-caption-text\">Mercredi 7 mars 2012 au Bristol : les auteurs francophones les plus lus de l&rsquo;ann\u00e9e 2011<\/p><\/div>\n<div class=\"fusion-clearfix\"><\/div><\/div><\/div><div class=\"fusion-layout-column fusion_builder_column fusion-builder-column-1 fusion_builder_column_1_1 1_1 fusion-one-full fusion-column-first fusion-column-last fusion-column-no-min-height\" style=\"margin-top:0px;margin-bottom:0px;\"><div class=\"fusion-column-wrapper fusion-flex-column-wrapper-legacy\" style=\"background-position:left top;background-repeat:no-repeat;-webkit-background-size:cover;-moz-background-size:cover;-o-background-size:cover;background-size:cover;padding: 0px 0px 0px 0px;\"><div id=\"attachment_1026\" style=\"width: 192px\" class=\"wp-caption aligncenter\"><a href=\"http:\/\/www.lebeaukal.fr\/data\/NEWGAL\/BestSellers\/index.html\"><img decoding=\"async\" aria-describedby=\"caption-attachment-1026\" class=\"wp-image-1026 size-full\" src=\"http:\/\/www.lebeaukal.fr\/blog\/wp-content\/uploads\/2013\/02\/button_galerie-photo.png\" alt=\"Vers la galerie photo\" width=\"182\" height=\"41\" srcset=\"https:\/\/www.lebeaukal.fr\/blog\/wp-content\/uploads\/2013\/02\/button_galerie-photo-177x41.png 177w, https:\/\/www.lebeaukal.fr\/blog\/wp-content\/uploads\/2013\/02\/button_galerie-photo.png 182w\" sizes=\"(max-width: 182px) 100vw, 182px\" \/><\/a><p id=\"caption-attachment-1026\" class=\"wp-caption-text\">Vers la galerie photo<\/p><\/div><div class=\"fusion-clearfix\"><\/div><\/div><\/div><\/div><style type=\"text\/css\">.fusion-fullwidth.fusion-builder-row-1 { overflow:visible; }<\/style><\/div>\n","protected":false},"excerpt":{"rendered":"<p>Mercredi 7 mars 2012 au Bristol : les auteurs francophones les plus lus de l&rsquo;ann\u00e9e 2011 (pamar\u00e8s L&rsquo;Express-RTL-Tite Live) \u00a9 Christian de Brosses \/ Le Beaukal<\/p>\n","protected":false},"author":1,"featured_media":949,"comment_status":"closed","ping_status":"open","sticky":false,"template":"","format":"standard","meta":{"_uag_custom_page_level_css":"","footnotes":""},"categories":[1312],"tags":[],"class_list":["post-948","post","type-post","status-publish","format-standard","has-post-thumbnail","hentry","category-shootings-reportages-expositions"],"yoast_head":"<!-- This site is optimized with the Yoast SEO Premium plugin v26.4 (Yoast SEO v26.4) - https:\/\/yoast.com\/wordpress\/plugins\/seo\/ -->\n<title>Les Best Sellers de l&#039;Express 2011 au Bristol<\/title>\n<meta name=\"description\" content=\"Mercredi 7 mars 2012 au Bristol : les auteurs francophones les plus lus de l&#039;ann\u00e9e 2011 (pamar\u00e8s L&#039;Express-RTL-Tite Live) \u00a9 Christian de Brosses \/ Le\" \/>\n<meta name=\"robots\" content=\"index, follow, max-snippet:-1, max-image-preview:large, max-video-preview:-1\" \/>\n<link rel=\"canonical\" href=\"https:\/\/www.lebeaukal.fr\/blog\/mercredi-7-mars-2012-bristol-auteurs-francophones-plus-lus-de-lannee-2011\/\" \/>\n<meta property=\"og:locale\" content=\"fr_FR\" \/>\n<meta property=\"og:type\" content=\"article\" \/>\n<meta property=\"og:title\" content=\"Les Best Sellers de l&#039;Express 2011 au Bristol\" \/>\n<meta property=\"og:description\" content=\"Mercredi 7 mars 2012 au Bristol : les auteurs francophones les plus lus de l&#039;ann\u00e9e 2011 (pamar\u00e8s L&#039;Express-RTL-Tite Live) \u00a9 Christian de Brosses \/ Le\" \/>\n<meta property=\"og:url\" content=\"https:\/\/www.lebeaukal.fr\/blog\/mercredi-7-mars-2012-bristol-auteurs-francophones-plus-lus-de-lannee-2011\/\" \/>\n<meta property=\"og:site_name\" content=\"Les Bulles du BeauKal\" \/>\n<meta property=\"article:publisher\" content=\"https:\/\/www.facebook.com\/beaukalexperience\/\" \/>\n<meta property=\"article:published_time\" content=\"2012-03-07T09:50:30+00:00\" \/>\n<meta property=\"article:modified_time\" content=\"2025-05-20T08:58:51+00:00\" \/>\n<meta property=\"og:image\" content=\"https:\/\/www.lebeaukal.fr\/blog\/wp-content\/uploads\/2018\/03\/Best2011.jpg\" \/>\n\t<meta property=\"og:image:width\" content=\"900\" \/>\n\t<meta property=\"og:image:height\" content=\"750\" \/>\n\t<meta property=\"og:image:type\" content=\"image\/jpeg\" \/>\n<meta name=\"author\" content=\"ChristianBK\" \/>\n<meta name=\"twitter:card\" content=\"summary_large_image\" \/>\n<meta name=\"twitter:creator\" content=\"@LeBeaukal\" \/>\n<meta name=\"twitter:site\" content=\"@LeBeaukal\" \/>\n<meta name=\"twitter:label1\" content=\"\u00c9crit par\" \/>\n\t<meta name=\"twitter:data1\" content=\"ChristianBK\" \/>\n\t<meta name=\"twitter:label2\" content=\"Dur\u00e9e de lecture estim\u00e9e\" \/>\n\t<meta name=\"twitter:data2\" content=\"1 minute\" \/>\n<script type=\"application\/ld+json\" class=\"yoast-schema-graph\">{\"@context\":\"https:\/\/schema.org\",\"@graph\":[{\"@type\":\"Article\",\"@id\":\"https:\/\/www.lebeaukal.fr\/blog\/mercredi-7-mars-2012-bristol-auteurs-francophones-plus-lus-de-lannee-2011\/#article\",\"isPartOf\":{\"@id\":\"https:\/\/www.lebeaukal.fr\/blog\/mercredi-7-mars-2012-bristol-auteurs-francophones-plus-lus-de-lannee-2011\/\"},\"author\":{\"name\":\"ChristianBK\",\"@id\":\"https:\/\/www.lebeaukal.fr\/blog\/#\/schema\/person\/98c131ff4c5a3ec8104e930794adf33f\"},\"headline\":\"Les Best Sellers de l&rsquo;Express 2011 au Bristol\",\"datePublished\":\"2012-03-07T09:50:30+00:00\",\"dateModified\":\"2025-05-20T08:58:51+00:00\",\"mainEntityOfPage\":{\"@id\":\"https:\/\/www.lebeaukal.fr\/blog\/mercredi-7-mars-2012-bristol-auteurs-francophones-plus-lus-de-lannee-2011\/\"},\"wordCount\":187,\"publisher\":{\"@id\":\"https:\/\/www.lebeaukal.fr\/blog\/#organization\"},\"image\":{\"@id\":\"https:\/\/www.lebeaukal.fr\/blog\/mercredi-7-mars-2012-bristol-auteurs-francophones-plus-lus-de-lannee-2011\/#primaryimage\"},\"thumbnailUrl\":\"https:\/\/www.lebeaukal.fr\/blog\/wp-content\/uploads\/2018\/03\/Best2011.jpg\",\"articleSection\":[\"2. Shootings-Reportages-Expositions\"],\"inLanguage\":\"fr-FR\"},{\"@type\":\"WebPage\",\"@id\":\"https:\/\/www.lebeaukal.fr\/blog\/mercredi-7-mars-2012-bristol-auteurs-francophones-plus-lus-de-lannee-2011\/\",\"url\":\"https:\/\/www.lebeaukal.fr\/blog\/mercredi-7-mars-2012-bristol-auteurs-francophones-plus-lus-de-lannee-2011\/\",\"name\":\"Les Best Sellers de l'Express 2011 au Bristol\",\"isPartOf\":{\"@id\":\"https:\/\/www.lebeaukal.fr\/blog\/#website\"},\"primaryImageOfPage\":{\"@id\":\"https:\/\/www.lebeaukal.fr\/blog\/mercredi-7-mars-2012-bristol-auteurs-francophones-plus-lus-de-lannee-2011\/#primaryimage\"},\"image\":{\"@id\":\"https:\/\/www.lebeaukal.fr\/blog\/mercredi-7-mars-2012-bristol-auteurs-francophones-plus-lus-de-lannee-2011\/#primaryimage\"},\"thumbnailUrl\":\"https:\/\/www.lebeaukal.fr\/blog\/wp-content\/uploads\/2018\/03\/Best2011.jpg\",\"datePublished\":\"2012-03-07T09:50:30+00:00\",\"dateModified\":\"2025-05-20T08:58:51+00:00\",\"description\":\"Mercredi 7 mars 2012 au Bristol : les auteurs francophones les plus lus de l'ann\u00e9e 2011 (pamar\u00e8s L'Express-RTL-Tite Live) \u00a9 Christian de Brosses \/ Le\",\"breadcrumb\":{\"@id\":\"https:\/\/www.lebeaukal.fr\/blog\/mercredi-7-mars-2012-bristol-auteurs-francophones-plus-lus-de-lannee-2011\/#breadcrumb\"},\"inLanguage\":\"fr-FR\",\"potentialAction\":[{\"@type\":\"ReadAction\",\"target\":[\"https:\/\/www.lebeaukal.fr\/blog\/mercredi-7-mars-2012-bristol-auteurs-francophones-plus-lus-de-lannee-2011\/\"]}]},{\"@type\":\"ImageObject\",\"inLanguage\":\"fr-FR\",\"@id\":\"https:\/\/www.lebeaukal.fr\/blog\/mercredi-7-mars-2012-bristol-auteurs-francophones-plus-lus-de-lannee-2011\/#primaryimage\",\"url\":\"https:\/\/www.lebeaukal.fr\/blog\/wp-content\/uploads\/2018\/03\/Best2011.jpg\",\"contentUrl\":\"https:\/\/www.lebeaukal.fr\/blog\/wp-content\/uploads\/2018\/03\/Best2011.jpg\",\"width\":900,\"height\":750,\"caption\":\"Mercredi 7 mars 2012 au Bristol : les auteurs francophones les plus lus de l'ann\u00e9e 2011\"},{\"@type\":\"BreadcrumbList\",\"@id\":\"https:\/\/www.lebeaukal.fr\/blog\/mercredi-7-mars-2012-bristol-auteurs-francophones-plus-lus-de-lannee-2011\/#breadcrumb\",\"itemListElement\":[{\"@type\":\"ListItem\",\"position\":1,\"name\":\"Accueil\",\"item\":\"https:\/\/www.lebeaukal.fr\/blog\/\"},{\"@type\":\"ListItem\",\"position\":2,\"name\":\"Les Best Sellers de l&rsquo;Express 2011 au Bristol\"}]},{\"@type\":\"WebSite\",\"@id\":\"https:\/\/www.lebeaukal.fr\/blog\/#website\",\"url\":\"https:\/\/www.lebeaukal.fr\/blog\/\",\"name\":\"Les Bulles du BeauKal\",\"description\":\"Le blog du studio photo Le BeauKal et informations sur la photo\",\"publisher\":{\"@id\":\"https:\/\/www.lebeaukal.fr\/blog\/#organization\"},\"potentialAction\":[{\"@type\":\"SearchAction\",\"target\":{\"@type\":\"EntryPoint\",\"urlTemplate\":\"https:\/\/www.lebeaukal.fr\/blog\/?s={search_term_string}\"},\"query-input\":{\"@type\":\"PropertyValueSpecification\",\"valueRequired\":true,\"valueName\":\"search_term_string\"}}],\"inLanguage\":\"fr-FR\"},{\"@type\":\"Organization\",\"@id\":\"https:\/\/www.lebeaukal.fr\/blog\/#organization\",\"name\":\"Le BeauKal\",\"url\":\"https:\/\/www.lebeaukal.fr\/blog\/\",\"logo\":{\"@type\":\"ImageObject\",\"inLanguage\":\"fr-FR\",\"@id\":\"https:\/\/www.lebeaukal.fr\/blog\/#\/schema\/logo\/image\/\",\"url\":\"https:\/\/www.lebeaukal.fr\/blog\/wp-content\/uploads\/2017\/01\/LOGOBK2.jpg\",\"contentUrl\":\"https:\/\/www.lebeaukal.fr\/blog\/wp-content\/uploads\/2017\/01\/LOGOBK2.jpg\",\"width\":500,\"height\":500,\"caption\":\"Le BeauKal\"},\"image\":{\"@id\":\"https:\/\/www.lebeaukal.fr\/blog\/#\/schema\/logo\/image\/\"},\"sameAs\":[\"https:\/\/www.facebook.com\/beaukalexperience\/\",\"https:\/\/x.com\/LeBeaukal\",\"https:\/\/www.instagram.com\/photographemontorgueil\/\",\"https:\/\/www.linkedin.com\/in\/christiandebrossesphotographe\/\"]},{\"@type\":\"Person\",\"@id\":\"https:\/\/www.lebeaukal.fr\/blog\/#\/schema\/person\/98c131ff4c5a3ec8104e930794adf33f\",\"name\":\"ChristianBK\",\"image\":{\"@type\":\"ImageObject\",\"inLanguage\":\"fr-FR\",\"@id\":\"https:\/\/www.lebeaukal.fr\/blog\/#\/schema\/person\/image\/\",\"url\":\"https:\/\/secure.gravatar.com\/avatar\/c363618de0d3e7978149ed892cf0466777ea09234acdd07bafe30ab1a90d7e55?s=96&d=mm&r=g\",\"contentUrl\":\"https:\/\/secure.gravatar.com\/avatar\/c363618de0d3e7978149ed892cf0466777ea09234acdd07bafe30ab1a90d7e55?s=96&d=mm&r=g\",\"caption\":\"ChristianBK\"}}]}<\/script>\n<!-- \/ Yoast SEO Premium plugin. -->","yoast_head_json":{"title":"Les Best Sellers de l'Express 2011 au Bristol","description":"Mercredi 7 mars 2012 au Bristol : les auteurs francophones les plus lus de l'ann\u00e9e 2011 (pamar\u00e8s L'Express-RTL-Tite Live) \u00a9 Christian de Brosses \/ Le","robots":{"index":"index","follow":"follow","max-snippet":"max-snippet:-1","max-image-preview":"max-image-preview:large","max-video-preview":"max-video-preview:-1"},"canonical":"https:\/\/www.lebeaukal.fr\/blog\/mercredi-7-mars-2012-bristol-auteurs-francophones-plus-lus-de-lannee-2011\/","og_locale":"fr_FR","og_type":"article","og_title":"Les Best Sellers de l'Express 2011 au Bristol","og_description":"Mercredi 7 mars 2012 au Bristol : les auteurs francophones les plus lus de l'ann\u00e9e 2011 (pamar\u00e8s L'Express-RTL-Tite Live) \u00a9 Christian de Brosses \/ Le","og_url":"https:\/\/www.lebeaukal.fr\/blog\/mercredi-7-mars-2012-bristol-auteurs-francophones-plus-lus-de-lannee-2011\/","og_site_name":"Les Bulles du BeauKal","article_publisher":"https:\/\/www.facebook.com\/beaukalexperience\/","article_published_time":"2012-03-07T09:50:30+00:00","article_modified_time":"2025-05-20T08:58:51+00:00","og_image":[{"width":900,"height":750,"url":"https:\/\/www.lebeaukal.fr\/blog\/wp-content\/uploads\/2018\/03\/Best2011.jpg","type":"image\/jpeg"}],"author":"ChristianBK","twitter_card":"summary_large_image","twitter_creator":"@LeBeaukal","twitter_site":"@LeBeaukal","twitter_misc":{"\u00c9crit par":"ChristianBK","Dur\u00e9e de lecture estim\u00e9e":"1 minute"},"schema":{"@context":"https:\/\/schema.org","@graph":[{"@type":"Article","@id":"https:\/\/www.lebeaukal.fr\/blog\/mercredi-7-mars-2012-bristol-auteurs-francophones-plus-lus-de-lannee-2011\/#article","isPartOf":{"@id":"https:\/\/www.lebeaukal.fr\/blog\/mercredi-7-mars-2012-bristol-auteurs-francophones-plus-lus-de-lannee-2011\/"},"author":{"name":"ChristianBK","@id":"https:\/\/www.lebeaukal.fr\/blog\/#\/schema\/person\/98c131ff4c5a3ec8104e930794adf33f"},"headline":"Les Best Sellers de l&rsquo;Express 2011 au Bristol","datePublished":"2012-03-07T09:50:30+00:00","dateModified":"2025-05-20T08:58:51+00:00","mainEntityOfPage":{"@id":"https:\/\/www.lebeaukal.fr\/blog\/mercredi-7-mars-2012-bristol-auteurs-francophones-plus-lus-de-lannee-2011\/"},"wordCount":187,"publisher":{"@id":"https:\/\/www.lebeaukal.fr\/blog\/#organization"},"image":{"@id":"https:\/\/www.lebeaukal.fr\/blog\/mercredi-7-mars-2012-bristol-auteurs-francophones-plus-lus-de-lannee-2011\/#primaryimage"},"thumbnailUrl":"https:\/\/www.lebeaukal.fr\/blog\/wp-content\/uploads\/2018\/03\/Best2011.jpg","articleSection":["2. Shootings-Reportages-Expositions"],"inLanguage":"fr-FR"},{"@type":"WebPage","@id":"https:\/\/www.lebeaukal.fr\/blog\/mercredi-7-mars-2012-bristol-auteurs-francophones-plus-lus-de-lannee-2011\/","url":"https:\/\/www.lebeaukal.fr\/blog\/mercredi-7-mars-2012-bristol-auteurs-francophones-plus-lus-de-lannee-2011\/","name":"Les Best Sellers de l'Express 2011 au Bristol","isPartOf":{"@id":"https:\/\/www.lebeaukal.fr\/blog\/#website"},"primaryImageOfPage":{"@id":"https:\/\/www.lebeaukal.fr\/blog\/mercredi-7-mars-2012-bristol-auteurs-francophones-plus-lus-de-lannee-2011\/#primaryimage"},"image":{"@id":"https:\/\/www.lebeaukal.fr\/blog\/mercredi-7-mars-2012-bristol-auteurs-francophones-plus-lus-de-lannee-2011\/#primaryimage"},"thumbnailUrl":"https:\/\/www.lebeaukal.fr\/blog\/wp-content\/uploads\/2018\/03\/Best2011.jpg","datePublished":"2012-03-07T09:50:30+00:00","dateModified":"2025-05-20T08:58:51+00:00","description":"Mercredi 7 mars 2012 au Bristol : les auteurs francophones les plus lus de l'ann\u00e9e 2011 (pamar\u00e8s L'Express-RTL-Tite Live) \u00a9 Christian de Brosses \/ Le","breadcrumb":{"@id":"https:\/\/www.lebeaukal.fr\/blog\/mercredi-7-mars-2012-bristol-auteurs-francophones-plus-lus-de-lannee-2011\/#breadcrumb"},"inLanguage":"fr-FR","potentialAction":[{"@type":"ReadAction","target":["https:\/\/www.lebeaukal.fr\/blog\/mercredi-7-mars-2012-bristol-auteurs-francophones-plus-lus-de-lannee-2011\/"]}]},{"@type":"ImageObject","inLanguage":"fr-FR","@id":"https:\/\/www.lebeaukal.fr\/blog\/mercredi-7-mars-2012-bristol-auteurs-francophones-plus-lus-de-lannee-2011\/#primaryimage","url":"https:\/\/www.lebeaukal.fr\/blog\/wp-content\/uploads\/2018\/03\/Best2011.jpg","contentUrl":"https:\/\/www.lebeaukal.fr\/blog\/wp-content\/uploads\/2018\/03\/Best2011.jpg","width":900,"height":750,"caption":"Mercredi 7 mars 2012 au Bristol : les auteurs francophones les plus lus de l'ann\u00e9e 2011"},{"@type":"BreadcrumbList","@id":"https:\/\/www.lebeaukal.fr\/blog\/mercredi-7-mars-2012-bristol-auteurs-francophones-plus-lus-de-lannee-2011\/#breadcrumb","itemListElement":[{"@type":"ListItem","position":1,"name":"Accueil","item":"https:\/\/www.lebeaukal.fr\/blog\/"},{"@type":"ListItem","position":2,"name":"Les Best Sellers de l&rsquo;Express 2011 au Bristol"}]},{"@type":"WebSite","@id":"https:\/\/www.lebeaukal.fr\/blog\/#website","url":"https:\/\/www.lebeaukal.fr\/blog\/","name":"Les Bulles du BeauKal","description":"Le blog du studio photo Le BeauKal et informations sur la photo","publisher":{"@id":"https:\/\/www.lebeaukal.fr\/blog\/#organization"},"potentialAction":[{"@type":"SearchAction","target":{"@type":"EntryPoint","urlTemplate":"https:\/\/www.lebeaukal.fr\/blog\/?s={search_term_string}"},"query-input":{"@type":"PropertyValueSpecification","valueRequired":true,"valueName":"search_term_string"}}],"inLanguage":"fr-FR"},{"@type":"Organization","@id":"https:\/\/www.lebeaukal.fr\/blog\/#organization","name":"Le BeauKal","url":"https:\/\/www.lebeaukal.fr\/blog\/","logo":{"@type":"ImageObject","inLanguage":"fr-FR","@id":"https:\/\/www.lebeaukal.fr\/blog\/#\/schema\/logo\/image\/","url":"https:\/\/www.lebeaukal.fr\/blog\/wp-content\/uploads\/2017\/01\/LOGOBK2.jpg","contentUrl":"https:\/\/www.lebeaukal.fr\/blog\/wp-content\/uploads\/2017\/01\/LOGOBK2.jpg","width":500,"height":500,"caption":"Le BeauKal"},"image":{"@id":"https:\/\/www.lebeaukal.fr\/blog\/#\/schema\/logo\/image\/"},"sameAs":["https:\/\/www.facebook.com\/beaukalexperience\/","https:\/\/x.com\/LeBeaukal","https:\/\/www.instagram.com\/photographemontorgueil\/","https:\/\/www.linkedin.com\/in\/christiandebrossesphotographe\/"]},{"@type":"Person","@id":"https:\/\/www.lebeaukal.fr\/blog\/#\/schema\/person\/98c131ff4c5a3ec8104e930794adf33f","name":"ChristianBK","image":{"@type":"ImageObject","inLanguage":"fr-FR","@id":"https:\/\/www.lebeaukal.fr\/blog\/#\/schema\/person\/image\/","url":"https:\/\/secure.gravatar.com\/avatar\/c363618de0d3e7978149ed892cf0466777ea09234acdd07bafe30ab1a90d7e55?s=96&d=mm&r=g","contentUrl":"https:\/\/secure.gravatar.com\/avatar\/c363618de0d3e7978149ed892cf0466777ea09234acdd07bafe30ab1a90d7e55?s=96&d=mm&r=g","caption":"ChristianBK"}}]}},"uagb_featured_image_src":{"full":["https:\/\/www.lebeaukal.fr\/blog\/wp-content\/uploads\/2018\/03\/Best2011.jpg",900,750,false],"thumbnail":["https:\/\/www.lebeaukal.fr\/blog\/wp-content\/uploads\/2018\/03\/Best2011-150x150.jpg",150,150,true],"medium":["https:\/\/www.lebeaukal.fr\/blog\/wp-content\/uploads\/2018\/03\/Best2011-300x250.jpg",300,250,true],"medium_large":["https:\/\/www.lebeaukal.fr\/blog\/wp-content\/uploads\/2018\/03\/Best2011-768x640.jpg",768,640,true],"large":["https:\/\/www.lebeaukal.fr\/blog\/wp-content\/uploads\/2018\/03\/Best2011.jpg",900,750,false],"slgf_12_thumb":["https:\/\/www.lebeaukal.fr\/blog\/wp-content\/uploads\/2018\/03\/Best2011-500x750.jpg",500,750,true],"slgf_346_thumb":["https:\/\/www.lebeaukal.fr\/blog\/wp-content\/uploads\/2018\/03\/Best2011-400x750.jpg",400,750,true],"slgf_12_same_size_thumb":["https:\/\/www.lebeaukal.fr\/blog\/wp-content\/uploads\/2018\/03\/Best2011-500x500.jpg",500,500,true],"slgf_346_same_size_thumb":["https:\/\/www.lebeaukal.fr\/blog\/wp-content\/uploads\/2018\/03\/Best2011-400x400.jpg",400,400,true],"rpg_gallery_admin_thumb":["https:\/\/www.lebeaukal.fr\/blog\/wp-content\/uploads\/2018\/03\/Best2011-150x150.jpg",150,150,true],"rpg_gallery_thumb":["https:\/\/www.lebeaukal.fr\/blog\/wp-content\/uploads\/2018\/03\/Best2011-150x150.jpg",150,150,true],"1536x1536":["https:\/\/www.lebeaukal.fr\/blog\/wp-content\/uploads\/2018\/03\/Best2011.jpg",900,750,false],"2048x2048":["https:\/\/www.lebeaukal.fr\/blog\/wp-content\/uploads\/2018\/03\/Best2011.jpg",900,750,false],"blog-large":["https:\/\/www.lebeaukal.fr\/blog\/wp-content\/uploads\/2018\/03\/Best2011-669x272.jpg",669,272,true],"blog-medium":["https:\/\/www.lebeaukal.fr\/blog\/wp-content\/uploads\/2018\/03\/Best2011-320x202.jpg",320,202,true],"recent-posts":["https:\/\/www.lebeaukal.fr\/blog\/wp-content\/uploads\/2018\/03\/Best2011-700x441.jpg",700,441,true],"recent-works-thumbnail":["https:\/\/www.lebeaukal.fr\/blog\/wp-content\/uploads\/2018\/03\/Best2011-66x66.jpg",66,66,true],"fusion-200":["https:\/\/www.lebeaukal.fr\/blog\/wp-content\/uploads\/2018\/03\/Best2011-200x167.jpg",200,167,true],"fusion-400":["https:\/\/www.lebeaukal.fr\/blog\/wp-content\/uploads\/2018\/03\/Best2011-400x333.jpg",400,333,true],"fusion-600":["https:\/\/www.lebeaukal.fr\/blog\/wp-content\/uploads\/2018\/03\/Best2011-600x500.jpg",600,500,true],"fusion-800":["https:\/\/www.lebeaukal.fr\/blog\/wp-content\/uploads\/2018\/03\/Best2011-800x667.jpg",800,667,true],"fusion-1200":["https:\/\/www.lebeaukal.fr\/blog\/wp-content\/uploads\/2018\/03\/Best2011.jpg",900,750,false],"portfolio-full":["https:\/\/www.lebeaukal.fr\/blog\/wp-content\/uploads\/2018\/03\/Best2011-900x400.jpg",900,400,true],"portfolio-one":["https:\/\/www.lebeaukal.fr\/blog\/wp-content\/uploads\/2018\/03\/Best2011-540x272.jpg",540,272,true],"portfolio-two":["https:\/\/www.lebeaukal.fr\/blog\/wp-content\/uploads\/2018\/03\/Best2011-460x295.jpg",460,295,true],"portfolio-three":["https:\/\/www.lebeaukal.fr\/blog\/wp-content\/uploads\/2018\/03\/Best2011-300x214.jpg",300,214,true],"portfolio-five":["https:\/\/www.lebeaukal.fr\/blog\/wp-content\/uploads\/2018\/03\/Best2011-177x142.jpg",177,142,true]},"uagb_author_info":{"display_name":"ChristianBK","author_link":"https:\/\/www.lebeaukal.fr\/blog\/author\/christianbk\/"},"uagb_comment_info":0,"uagb_excerpt":"Mercredi 7 mars 2012 au Bristol : les auteurs francophones les plus lus de l&rsquo;ann\u00e9e 2011 (pamar\u00e8s L&rsquo;Express-RTL-Tite Live) \u00a9 Christian de Brosses \/ Le Beaukal","_links":{"self":[{"href":"https:\/\/www.lebeaukal.fr\/blog\/wp-json\/wp\/v2\/posts\/948","targetHints":{"allow":["GET"]}}],"collection":[{"href":"https:\/\/www.lebeaukal.fr\/blog\/wp-json\/wp\/v2\/posts"}],"about":[{"href":"https:\/\/www.lebeaukal.fr\/blog\/wp-json\/wp\/v2\/types\/post"}],"author":[{"embeddable":true,"href":"https:\/\/www.lebeaukal.fr\/blog\/wp-json\/wp\/v2\/users\/1"}],"replies":[{"embeddable":true,"href":"https:\/\/www.lebeaukal.fr\/blog\/wp-json\/wp\/v2\/comments?post=948"}],"version-history":[{"count":5,"href":"https:\/\/www.lebeaukal.fr\/blog\/wp-json\/wp\/v2\/posts\/948\/revisions"}],"predecessor-version":[{"id":1365,"href":"https:\/\/www.lebeaukal.fr\/blog\/wp-json\/wp\/v2\/posts\/948\/revisions\/1365"}],"wp:featuredmedia":[{"embeddable":true,"href":"https:\/\/www.lebeaukal.fr\/blog\/wp-json\/wp\/v2\/media\/949"}],"wp:attachment":[{"href":"https:\/\/www.lebeaukal.fr\/blog\/wp-json\/wp\/v2\/media?parent=948"}],"wp:term":[{"taxonomy":"category","embeddable":true,"href":"https:\/\/www.lebeaukal.fr\/blog\/wp-json\/wp\/v2\/categories?post=948"},{"taxonomy":"post_tag","embeddable":true,"href":"https:\/\/www.lebeaukal.fr\/blog\/wp-json\/wp\/v2\/tags?post=948"}],"curies":[{"name":"wp","href":"https:\/\/api.w.org\/{rel}","templated":true}]}}