{"id":817,"date":"2017-06-05T18:52:09","date_gmt":"2017-06-05T16:52:09","guid":{"rendered":"http:\/\/www.lebeaukal.fr\/blog\/?p=817"},"modified":"2026-03-11T21:42:36","modified_gmt":"2026-03-11T20:42:36","slug":"restauration-de-photos-abimees-ou-anciennes","status":"publish","type":"post","link":"https:\/\/www.lebeaukal.fr\/blog\/restauration-de-photos-abimees-ou-anciennes\/","title":{"rendered":"\u00c0 qui confier une photo ancienne ab\u00eem\u00e9e \u00e0 Paris ?"},"content":{"rendered":"<p><span style=\"font-family: Trebuchet MS,Geneva;\">Confier une photo ancienne \u00e0 restaurer \u00e0 Paris demande plus qu\u2019une simple solution technique. Lorsqu\u2019on retrouve une photo de famille jaunie, tach\u00e9e, pli\u00e9e ou d\u00e9chir\u00e9e, on cherche aussi une personne capable de respecter l\u2019image, son histoire et sa valeur affective.<\/span><\/p>\n<h2><span style=\"font-family: Trebuchet MS,Geneva;\">Pourquoi ce choix demande de l\u2019attention<\/span><\/h2>\n<p><span style=\"font-family: Trebuchet MS,Geneva;\">Aujourd\u2019hui, beaucoup de photographes travaillent surtout la prise de vue contemporaine. Pourtant, la restauration photo demande une autre patience. Elle exige aussi un vrai regard sur l\u2019image et une pratique pr\u00e9cise de la retouche.<\/span><\/p>\n<p><span style=\"font-family: Trebuchet MS,Geneva;\">C\u2019est souvent au moment d\u2019ouvrir une vieille bo\u00eete de photos, un album ou un tiroir de famille que l\u2019on mesure la fragilit\u00e9 de ces souvenirs. On comprend alors combien il est pr\u00e9cieux de pouvoir les transmettre dans de meilleures conditions.<\/span><\/p>\n<p><span style=\"font-family: Trebuchet MS,Geneva;\">Avant de confier une image \u00e0 restaurer, il est donc utile de v\u00e9rifier plusieurs points. L\u2019exp\u00e9rience de la personne qui intervient compte beaucoup. La qualit\u00e9 du dialogue sur le rendu attendu est \u00e9galement essentielle. Enfin, la possibilit\u00e9 d\u2019obtenir un devis et le respect de l\u2019image d\u2019origine sont de vrais rep\u00e8res.<\/span><\/p>\n<div id=\"attachment_818\" style=\"width: 610px\" class=\"wp-caption aligncenter\"><img decoding=\"async\" aria-describedby=\"caption-attachment-818\" class=\"wp-image-818 size-full\" src=\"https:\/\/www.lebeaukal.fr\/blog\/wp-content\/uploads\/2017\/06\/restauration.jpg\" alt=\"Exemple de restauration de photo ancienne ab\u00eem\u00e9e \u00e0 Paris\" width=\"600\" height=\"200\" srcset=\"https:\/\/www.lebeaukal.fr\/blog\/wp-content\/uploads\/2017\/06\/restauration-200x67.jpg 200w, https:\/\/www.lebeaukal.fr\/blog\/wp-content\/uploads\/2017\/06\/restauration-300x100.jpg 300w, https:\/\/www.lebeaukal.fr\/blog\/wp-content\/uploads\/2017\/06\/restauration-400x133.jpg 400w, https:\/\/www.lebeaukal.fr\/blog\/wp-content\/uploads\/2017\/06\/restauration.jpg 600w\" sizes=\"(max-width: 600px) 100vw, 600px\" \/><p id=\"caption-attachment-818\" class=\"wp-caption-text\"><span style=\"font-family: Trebuchet MS,Geneva;\">Exemple de restauration de photo ancienne ab\u00eem\u00e9e<\/span><\/p><\/div>\n<h2><span style=\"font-family: Trebuchet MS,Geneva;\">Quels d\u00e9fauts peuvent \u00eatre corrig\u00e9s<\/span><\/h2>\n<p><span style=\"font-family: Trebuchet MS,Geneva;\">Selon les cas, le travail peut concerner un jaunissement, des taches, des plis, des d\u00e9chirures ou une perte de contraste. Parfois, la d\u00e9gradation du document est plus profonde. Chaque photo appelle donc une r\u00e9ponse particuli\u00e8re.<\/span><\/p>\n<p><span style=\"font-family: Trebuchet MS,Geneva;\">La restauration ne consiste pas \u00e0 transformer artificiellement une image. Au contraire, elle vise d\u2019abord \u00e0 lui redonner lisibilit\u00e9, \u00e9quilibre et pr\u00e9sence. Toutefois, elle doit rester fid\u00e8le \u00e0 son caract\u00e8re d\u2019origine.<\/span><\/p>\n<h2><span style=\"font-family: Trebuchet MS,Geneva;\">Une approche artisanale \u00e0 Paris<\/span><\/h2>\n<p><span style=\"font-family: Trebuchet MS,Geneva;\">Au BeauKal, ce travail de restauration est r\u00e9alis\u00e9 \u00e0 Paris avec une approche artisanale et sur devis. Il s\u2019adresse notamment aux particuliers qui souhaitent pr\u00e9server des photos de famille. Il peut aussi concerner des documents plus sp\u00e9cifiques selon leur nature.<\/span><\/p>\n<p><span style=\"font-family: Trebuchet MS,Geneva;\">Pour mieux comprendre les enjeux de pr\u00e9servation, vous pouvez aussi consulter les rep\u00e8res publi\u00e9s par le <a href=\"https:\/\/www.culture.gouv.fr\/thematiques\/photographie\/gerer-un-fonds-photographique\/gestion-et-conservation\" target=\"_blank\" rel=\"noopener\">minist\u00e8re de la Culture sur la gestion et la conservation des photographies<\/a>.<\/span><\/p>\n<p><span style=\"font-family: Trebuchet MS,Geneva;\">Vous pouvez \u00e9galement d\u00e9couvrir des exemples concrets et une pr\u00e9sentation d\u00e9taill\u00e9e du service sur la page <a href=\"https:\/\/www.lebeaukal.fr\/restauration-photos-abimees.php\">restauration de photos anciennes et ab\u00eem\u00e9es \u00e0 Paris<\/a>.<\/span><\/p>\n<h2><span style=\"font-family: Trebuchet MS,Geneva;\">Le bon r\u00e9flexe avant de vous d\u00e9cider<\/span><\/h2>\n<p><span style=\"font-family: Trebuchet MS,Geneva;\">Pour un document pr\u00e9cis, le plus simple reste de prendre contact. Vous pourrez ainsi \u00e9valuer l\u2019\u00e9tat de l\u2019original, le niveau d\u2019intervention souhait\u00e9 et le d\u00e9lai envisageable. Bien souvent, ce premier \u00e9change permet d\u00e9j\u00e0 de juger si l\u2019on a affaire \u00e0 un professionnel attentif, r\u00e9aliste et respectueux de l\u2019image confi\u00e9e.<\/span><\/p>\n<p><span style=\"font-family: Trebuchet MS,Geneva;\">\u00c0 tr\u00e8s vite.<\/span><\/p>\n","protected":false},"excerpt":{"rendered":"<p>Confier une photo ancienne \u00e0 restaurer \u00e0 Paris demande plus qu\u2019une simple solution technique. Lorsqu\u2019on retrouve une photo de famille jaunie, tach\u00e9e, pli\u00e9e ou d\u00e9chir\u00e9e, on cherche aussi une personne capable de respecter l\u2019image, son histoire et sa valeur affective. Pourquoi ce choix demande de l\u2019attention Aujourd\u2019hui, beaucoup de photographes travaillent surtout la prise de [&hellip;]<\/p>\n","protected":false},"author":1,"featured_media":818,"comment_status":"closed","ping_status":"open","sticky":false,"template":"","format":"standard","meta":{"_uag_custom_page_level_css":"","footnotes":""},"categories":[1315,874],"tags":[],"class_list":["post-817","post","type-post","status-publish","format-standard","has-post-thumbnail","hentry","category-carnet-du-beaukal","category-technique"],"yoast_head":"<!-- This site is optimized with the Yoast SEO Premium plugin v26.4 (Yoast SEO v26.4) - https:\/\/yoast.com\/wordpress\/plugins\/seo\/ -->\n<title>\u00c0 qui confier une photo ancienne \u00e0 restaurer \u00e0 Paris ? | Le BeauKal<\/title>\n<meta name=\"description\" content=\"Vous cherchez \u00e0 confier une photo ancienne \u00e0 restaurer \u00e0 Paris ? Voici les points \u00e0 v\u00e9rifier et le service de restauration photo du BeauKal.\" \/>\n<meta name=\"robots\" content=\"index, follow, max-snippet:-1, max-image-preview:large, max-video-preview:-1\" \/>\n<link rel=\"canonical\" href=\"https:\/\/www.lebeaukal.fr\/blog\/restauration-de-photos-abimees-ou-anciennes\/\" \/>\n<meta property=\"og:locale\" content=\"fr_FR\" \/>\n<meta property=\"og:type\" content=\"article\" \/>\n<meta property=\"og:title\" content=\"\u00c0 qui confier une photo ancienne ab\u00eem\u00e9e \u00e0 Paris ?\" \/>\n<meta property=\"og:description\" content=\"Vous cherchez \u00e0 confier une photo ancienne \u00e0 restaurer \u00e0 Paris ? Voici les points \u00e0 v\u00e9rifier et le service de restauration photo du BeauKal.\" \/>\n<meta property=\"og:url\" content=\"https:\/\/www.lebeaukal.fr\/blog\/restauration-de-photos-abimees-ou-anciennes\/\" \/>\n<meta property=\"og:site_name\" content=\"Les Bulles du BeauKal\" \/>\n<meta property=\"article:publisher\" content=\"https:\/\/www.facebook.com\/beaukalexperience\/\" \/>\n<meta property=\"article:published_time\" content=\"2017-06-05T16:52:09+00:00\" \/>\n<meta property=\"article:modified_time\" content=\"2026-03-11T20:42:36+00:00\" \/>\n<meta property=\"og:image\" content=\"https:\/\/www.lebeaukal.fr\/blog\/wp-content\/uploads\/2017\/06\/restauration.jpg\" \/>\n\t<meta property=\"og:image:width\" content=\"600\" \/>\n\t<meta property=\"og:image:height\" content=\"200\" \/>\n\t<meta property=\"og:image:type\" content=\"image\/jpeg\" \/>\n<meta name=\"author\" content=\"ChristianBK\" \/>\n<meta name=\"twitter:card\" content=\"summary_large_image\" \/>\n<meta name=\"twitter:creator\" content=\"@LeBeaukal\" \/>\n<meta name=\"twitter:site\" content=\"@LeBeaukal\" \/>\n<meta name=\"twitter:label1\" content=\"\u00c9crit par\" \/>\n\t<meta name=\"twitter:data1\" content=\"ChristianBK\" \/>\n\t<meta name=\"twitter:label2\" content=\"Dur\u00e9e de lecture estim\u00e9e\" \/>\n\t<meta name=\"twitter:data2\" content=\"3 minutes\" \/>\n<script type=\"application\/ld+json\" class=\"yoast-schema-graph\">{\"@context\":\"https:\/\/schema.org\",\"@graph\":[{\"@type\":\"Article\",\"@id\":\"https:\/\/www.lebeaukal.fr\/blog\/restauration-de-photos-abimees-ou-anciennes\/#article\",\"isPartOf\":{\"@id\":\"https:\/\/www.lebeaukal.fr\/blog\/restauration-de-photos-abimees-ou-anciennes\/\"},\"author\":{\"name\":\"ChristianBK\",\"@id\":\"https:\/\/www.lebeaukal.fr\/blog\/#\/schema\/person\/98c131ff4c5a3ec8104e930794adf33f\"},\"headline\":\"\u00c0 qui confier une photo ancienne ab\u00eem\u00e9e \u00e0 Paris ?\",\"datePublished\":\"2017-06-05T16:52:09+00:00\",\"dateModified\":\"2026-03-11T20:42:36+00:00\",\"mainEntityOfPage\":{\"@id\":\"https:\/\/www.lebeaukal.fr\/blog\/restauration-de-photos-abimees-ou-anciennes\/\"},\"wordCount\":472,\"publisher\":{\"@id\":\"https:\/\/www.lebeaukal.fr\/blog\/#organization\"},\"image\":{\"@id\":\"https:\/\/www.lebeaukal.fr\/blog\/restauration-de-photos-abimees-ou-anciennes\/#primaryimage\"},\"thumbnailUrl\":\"https:\/\/www.lebeaukal.fr\/blog\/wp-content\/uploads\/2017\/06\/restauration.jpg\",\"articleSection\":[\"5. Carnet du BeauKal-PDV\",\"7 .Technique-Internet-R\u00e9seaux\"],\"inLanguage\":\"fr-FR\"},{\"@type\":\"WebPage\",\"@id\":\"https:\/\/www.lebeaukal.fr\/blog\/restauration-de-photos-abimees-ou-anciennes\/\",\"url\":\"https:\/\/www.lebeaukal.fr\/blog\/restauration-de-photos-abimees-ou-anciennes\/\",\"name\":\"\u00c0 qui confier une photo ancienne \u00e0 restaurer \u00e0 Paris ? | Le BeauKal\",\"isPartOf\":{\"@id\":\"https:\/\/www.lebeaukal.fr\/blog\/#website\"},\"primaryImageOfPage\":{\"@id\":\"https:\/\/www.lebeaukal.fr\/blog\/restauration-de-photos-abimees-ou-anciennes\/#primaryimage\"},\"image\":{\"@id\":\"https:\/\/www.lebeaukal.fr\/blog\/restauration-de-photos-abimees-ou-anciennes\/#primaryimage\"},\"thumbnailUrl\":\"https:\/\/www.lebeaukal.fr\/blog\/wp-content\/uploads\/2017\/06\/restauration.jpg\",\"datePublished\":\"2017-06-05T16:52:09+00:00\",\"dateModified\":\"2026-03-11T20:42:36+00:00\",\"description\":\"Vous cherchez \u00e0 confier une photo ancienne \u00e0 restaurer \u00e0 Paris ? Voici les points \u00e0 v\u00e9rifier et le service de restauration photo du BeauKal.\",\"breadcrumb\":{\"@id\":\"https:\/\/www.lebeaukal.fr\/blog\/restauration-de-photos-abimees-ou-anciennes\/#breadcrumb\"},\"inLanguage\":\"fr-FR\",\"potentialAction\":[{\"@type\":\"ReadAction\",\"target\":[\"https:\/\/www.lebeaukal.fr\/blog\/restauration-de-photos-abimees-ou-anciennes\/\"]}]},{\"@type\":\"ImageObject\",\"inLanguage\":\"fr-FR\",\"@id\":\"https:\/\/www.lebeaukal.fr\/blog\/restauration-de-photos-abimees-ou-anciennes\/#primaryimage\",\"url\":\"https:\/\/www.lebeaukal.fr\/blog\/wp-content\/uploads\/2017\/06\/restauration.jpg\",\"contentUrl\":\"https:\/\/www.lebeaukal.fr\/blog\/wp-content\/uploads\/2017\/06\/restauration.jpg\",\"width\":600,\"height\":200,\"caption\":\"Restauration de photos ab\u00eem\u00e9es ou anciennes\"},{\"@type\":\"BreadcrumbList\",\"@id\":\"https:\/\/www.lebeaukal.fr\/blog\/restauration-de-photos-abimees-ou-anciennes\/#breadcrumb\",\"itemListElement\":[{\"@type\":\"ListItem\",\"position\":1,\"name\":\"Accueil\",\"item\":\"https:\/\/www.lebeaukal.fr\/blog\/\"},{\"@type\":\"ListItem\",\"position\":2,\"name\":\"\u00c0 qui confier une photo ancienne ab\u00eem\u00e9e \u00e0 Paris ?\"}]},{\"@type\":\"WebSite\",\"@id\":\"https:\/\/www.lebeaukal.fr\/blog\/#website\",\"url\":\"https:\/\/www.lebeaukal.fr\/blog\/\",\"name\":\"Les Bulles du BeauKal\",\"description\":\"Le blog du studio photo Le BeauKal et informations sur la photo\",\"publisher\":{\"@id\":\"https:\/\/www.lebeaukal.fr\/blog\/#organization\"},\"potentialAction\":[{\"@type\":\"SearchAction\",\"target\":{\"@type\":\"EntryPoint\",\"urlTemplate\":\"https:\/\/www.lebeaukal.fr\/blog\/?s={search_term_string}\"},\"query-input\":{\"@type\":\"PropertyValueSpecification\",\"valueRequired\":true,\"valueName\":\"search_term_string\"}}],\"inLanguage\":\"fr-FR\"},{\"@type\":\"Organization\",\"@id\":\"https:\/\/www.lebeaukal.fr\/blog\/#organization\",\"name\":\"Le BeauKal\",\"url\":\"https:\/\/www.lebeaukal.fr\/blog\/\",\"logo\":{\"@type\":\"ImageObject\",\"inLanguage\":\"fr-FR\",\"@id\":\"https:\/\/www.lebeaukal.fr\/blog\/#\/schema\/logo\/image\/\",\"url\":\"https:\/\/www.lebeaukal.fr\/blog\/wp-content\/uploads\/2017\/01\/LOGOBK2.jpg\",\"contentUrl\":\"https:\/\/www.lebeaukal.fr\/blog\/wp-content\/uploads\/2017\/01\/LOGOBK2.jpg\",\"width\":500,\"height\":500,\"caption\":\"Le BeauKal\"},\"image\":{\"@id\":\"https:\/\/www.lebeaukal.fr\/blog\/#\/schema\/logo\/image\/\"},\"sameAs\":[\"https:\/\/www.facebook.com\/beaukalexperience\/\",\"https:\/\/x.com\/LeBeaukal\",\"https:\/\/www.instagram.com\/photographemontorgueil\/\",\"https:\/\/www.linkedin.com\/in\/christiandebrossesphotographe\/\"]},{\"@type\":\"Person\",\"@id\":\"https:\/\/www.lebeaukal.fr\/blog\/#\/schema\/person\/98c131ff4c5a3ec8104e930794adf33f\",\"name\":\"ChristianBK\",\"image\":{\"@type\":\"ImageObject\",\"inLanguage\":\"fr-FR\",\"@id\":\"https:\/\/www.lebeaukal.fr\/blog\/#\/schema\/person\/image\/\",\"url\":\"https:\/\/secure.gravatar.com\/avatar\/c363618de0d3e7978149ed892cf0466777ea09234acdd07bafe30ab1a90d7e55?s=96&d=mm&r=g\",\"contentUrl\":\"https:\/\/secure.gravatar.com\/avatar\/c363618de0d3e7978149ed892cf0466777ea09234acdd07bafe30ab1a90d7e55?s=96&d=mm&r=g\",\"caption\":\"ChristianBK\"}}]}<\/script>\n<!-- \/ Yoast SEO Premium plugin. -->","yoast_head_json":{"title":"\u00c0 qui confier une photo ancienne \u00e0 restaurer \u00e0 Paris ? | Le BeauKal","description":"Vous cherchez \u00e0 confier une photo ancienne \u00e0 restaurer \u00e0 Paris ? Voici les points \u00e0 v\u00e9rifier et le service de restauration photo du BeauKal.","robots":{"index":"index","follow":"follow","max-snippet":"max-snippet:-1","max-image-preview":"max-image-preview:large","max-video-preview":"max-video-preview:-1"},"canonical":"https:\/\/www.lebeaukal.fr\/blog\/restauration-de-photos-abimees-ou-anciennes\/","og_locale":"fr_FR","og_type":"article","og_title":"\u00c0 qui confier une photo ancienne ab\u00eem\u00e9e \u00e0 Paris ?","og_description":"Vous cherchez \u00e0 confier une photo ancienne \u00e0 restaurer \u00e0 Paris ? Voici les points \u00e0 v\u00e9rifier et le service de restauration photo du BeauKal.","og_url":"https:\/\/www.lebeaukal.fr\/blog\/restauration-de-photos-abimees-ou-anciennes\/","og_site_name":"Les Bulles du BeauKal","article_publisher":"https:\/\/www.facebook.com\/beaukalexperience\/","article_published_time":"2017-06-05T16:52:09+00:00","article_modified_time":"2026-03-11T20:42:36+00:00","og_image":[{"width":600,"height":200,"url":"https:\/\/www.lebeaukal.fr\/blog\/wp-content\/uploads\/2017\/06\/restauration.jpg","type":"image\/jpeg"}],"author":"ChristianBK","twitter_card":"summary_large_image","twitter_creator":"@LeBeaukal","twitter_site":"@LeBeaukal","twitter_misc":{"\u00c9crit par":"ChristianBK","Dur\u00e9e de lecture estim\u00e9e":"3 minutes"},"schema":{"@context":"https:\/\/schema.org","@graph":[{"@type":"Article","@id":"https:\/\/www.lebeaukal.fr\/blog\/restauration-de-photos-abimees-ou-anciennes\/#article","isPartOf":{"@id":"https:\/\/www.lebeaukal.fr\/blog\/restauration-de-photos-abimees-ou-anciennes\/"},"author":{"name":"ChristianBK","@id":"https:\/\/www.lebeaukal.fr\/blog\/#\/schema\/person\/98c131ff4c5a3ec8104e930794adf33f"},"headline":"\u00c0 qui confier une photo ancienne ab\u00eem\u00e9e \u00e0 Paris ?","datePublished":"2017-06-05T16:52:09+00:00","dateModified":"2026-03-11T20:42:36+00:00","mainEntityOfPage":{"@id":"https:\/\/www.lebeaukal.fr\/blog\/restauration-de-photos-abimees-ou-anciennes\/"},"wordCount":472,"publisher":{"@id":"https:\/\/www.lebeaukal.fr\/blog\/#organization"},"image":{"@id":"https:\/\/www.lebeaukal.fr\/blog\/restauration-de-photos-abimees-ou-anciennes\/#primaryimage"},"thumbnailUrl":"https:\/\/www.lebeaukal.fr\/blog\/wp-content\/uploads\/2017\/06\/restauration.jpg","articleSection":["5. Carnet du BeauKal-PDV","7 .Technique-Internet-R\u00e9seaux"],"inLanguage":"fr-FR"},{"@type":"WebPage","@id":"https:\/\/www.lebeaukal.fr\/blog\/restauration-de-photos-abimees-ou-anciennes\/","url":"https:\/\/www.lebeaukal.fr\/blog\/restauration-de-photos-abimees-ou-anciennes\/","name":"\u00c0 qui confier une photo ancienne \u00e0 restaurer \u00e0 Paris ? | Le BeauKal","isPartOf":{"@id":"https:\/\/www.lebeaukal.fr\/blog\/#website"},"primaryImageOfPage":{"@id":"https:\/\/www.lebeaukal.fr\/blog\/restauration-de-photos-abimees-ou-anciennes\/#primaryimage"},"image":{"@id":"https:\/\/www.lebeaukal.fr\/blog\/restauration-de-photos-abimees-ou-anciennes\/#primaryimage"},"thumbnailUrl":"https:\/\/www.lebeaukal.fr\/blog\/wp-content\/uploads\/2017\/06\/restauration.jpg","datePublished":"2017-06-05T16:52:09+00:00","dateModified":"2026-03-11T20:42:36+00:00","description":"Vous cherchez \u00e0 confier une photo ancienne \u00e0 restaurer \u00e0 Paris ? Voici les points \u00e0 v\u00e9rifier et le service de restauration photo du BeauKal.","breadcrumb":{"@id":"https:\/\/www.lebeaukal.fr\/blog\/restauration-de-photos-abimees-ou-anciennes\/#breadcrumb"},"inLanguage":"fr-FR","potentialAction":[{"@type":"ReadAction","target":["https:\/\/www.lebeaukal.fr\/blog\/restauration-de-photos-abimees-ou-anciennes\/"]}]},{"@type":"ImageObject","inLanguage":"fr-FR","@id":"https:\/\/www.lebeaukal.fr\/blog\/restauration-de-photos-abimees-ou-anciennes\/#primaryimage","url":"https:\/\/www.lebeaukal.fr\/blog\/wp-content\/uploads\/2017\/06\/restauration.jpg","contentUrl":"https:\/\/www.lebeaukal.fr\/blog\/wp-content\/uploads\/2017\/06\/restauration.jpg","width":600,"height":200,"caption":"Restauration de photos ab\u00eem\u00e9es ou anciennes"},{"@type":"BreadcrumbList","@id":"https:\/\/www.lebeaukal.fr\/blog\/restauration-de-photos-abimees-ou-anciennes\/#breadcrumb","itemListElement":[{"@type":"ListItem","position":1,"name":"Accueil","item":"https:\/\/www.lebeaukal.fr\/blog\/"},{"@type":"ListItem","position":2,"name":"\u00c0 qui confier une photo ancienne ab\u00eem\u00e9e \u00e0 Paris ?"}]},{"@type":"WebSite","@id":"https:\/\/www.lebeaukal.fr\/blog\/#website","url":"https:\/\/www.lebeaukal.fr\/blog\/","name":"Les Bulles du BeauKal","description":"Le blog du studio photo Le BeauKal et informations sur la photo","publisher":{"@id":"https:\/\/www.lebeaukal.fr\/blog\/#organization"},"potentialAction":[{"@type":"SearchAction","target":{"@type":"EntryPoint","urlTemplate":"https:\/\/www.lebeaukal.fr\/blog\/?s={search_term_string}"},"query-input":{"@type":"PropertyValueSpecification","valueRequired":true,"valueName":"search_term_string"}}],"inLanguage":"fr-FR"},{"@type":"Organization","@id":"https:\/\/www.lebeaukal.fr\/blog\/#organization","name":"Le BeauKal","url":"https:\/\/www.lebeaukal.fr\/blog\/","logo":{"@type":"ImageObject","inLanguage":"fr-FR","@id":"https:\/\/www.lebeaukal.fr\/blog\/#\/schema\/logo\/image\/","url":"https:\/\/www.lebeaukal.fr\/blog\/wp-content\/uploads\/2017\/01\/LOGOBK2.jpg","contentUrl":"https:\/\/www.lebeaukal.fr\/blog\/wp-content\/uploads\/2017\/01\/LOGOBK2.jpg","width":500,"height":500,"caption":"Le BeauKal"},"image":{"@id":"https:\/\/www.lebeaukal.fr\/blog\/#\/schema\/logo\/image\/"},"sameAs":["https:\/\/www.facebook.com\/beaukalexperience\/","https:\/\/x.com\/LeBeaukal","https:\/\/www.instagram.com\/photographemontorgueil\/","https:\/\/www.linkedin.com\/in\/christiandebrossesphotographe\/"]},{"@type":"Person","@id":"https:\/\/www.lebeaukal.fr\/blog\/#\/schema\/person\/98c131ff4c5a3ec8104e930794adf33f","name":"ChristianBK","image":{"@type":"ImageObject","inLanguage":"fr-FR","@id":"https:\/\/www.lebeaukal.fr\/blog\/#\/schema\/person\/image\/","url":"https:\/\/secure.gravatar.com\/avatar\/c363618de0d3e7978149ed892cf0466777ea09234acdd07bafe30ab1a90d7e55?s=96&d=mm&r=g","contentUrl":"https:\/\/secure.gravatar.com\/avatar\/c363618de0d3e7978149ed892cf0466777ea09234acdd07bafe30ab1a90d7e55?s=96&d=mm&r=g","caption":"ChristianBK"}}]}},"uagb_featured_image_src":{"full":["https:\/\/www.lebeaukal.fr\/blog\/wp-content\/uploads\/2017\/06\/restauration.jpg",600,200,false],"thumbnail":["https:\/\/www.lebeaukal.fr\/blog\/wp-content\/uploads\/2017\/06\/restauration-150x150.jpg",150,150,true],"medium":["https:\/\/www.lebeaukal.fr\/blog\/wp-content\/uploads\/2017\/06\/restauration-300x100.jpg",300,100,true],"medium_large":["https:\/\/www.lebeaukal.fr\/blog\/wp-content\/uploads\/2017\/06\/restauration.jpg",600,200,false],"large":["https:\/\/www.lebeaukal.fr\/blog\/wp-content\/uploads\/2017\/06\/restauration.jpg",600,200,false],"slgf_12_thumb":["https:\/\/www.lebeaukal.fr\/blog\/wp-content\/uploads\/2017\/06\/restauration-500x200.jpg",500,200,true],"slgf_346_thumb":["https:\/\/www.lebeaukal.fr\/blog\/wp-content\/uploads\/2017\/06\/restauration-400x200.jpg",400,200,true],"slgf_12_same_size_thumb":["https:\/\/www.lebeaukal.fr\/blog\/wp-content\/uploads\/2017\/06\/restauration-500x200.jpg",500,200,true],"slgf_346_same_size_thumb":["https:\/\/www.lebeaukal.fr\/blog\/wp-content\/uploads\/2017\/06\/restauration-400x200.jpg",400,200,true],"rpg_gallery_admin_thumb":["https:\/\/www.lebeaukal.fr\/blog\/wp-content\/uploads\/2017\/06\/restauration-150x150.jpg",150,150,true],"rpg_gallery_thumb":["https:\/\/www.lebeaukal.fr\/blog\/wp-content\/uploads\/2017\/06\/restauration-150x150.jpg",150,150,true],"1536x1536":["https:\/\/www.lebeaukal.fr\/blog\/wp-content\/uploads\/2017\/06\/restauration.jpg",600,200,false],"2048x2048":["https:\/\/www.lebeaukal.fr\/blog\/wp-content\/uploads\/2017\/06\/restauration.jpg",600,200,false],"blog-large":["https:\/\/www.lebeaukal.fr\/blog\/wp-content\/uploads\/2017\/06\/restauration.jpg",600,200,false],"blog-medium":["https:\/\/www.lebeaukal.fr\/blog\/wp-content\/uploads\/2017\/06\/restauration-320x200.jpg",320,200,true],"recent-posts":["https:\/\/www.lebeaukal.fr\/blog\/wp-content\/uploads\/2017\/06\/restauration.jpg",600,200,false],"recent-works-thumbnail":["https:\/\/www.lebeaukal.fr\/blog\/wp-content\/uploads\/2017\/06\/restauration-66x66.jpg",66,66,true],"fusion-200":["https:\/\/www.lebeaukal.fr\/blog\/wp-content\/uploads\/2017\/06\/restauration-200x67.jpg",200,67,true],"fusion-400":["https:\/\/www.lebeaukal.fr\/blog\/wp-content\/uploads\/2017\/06\/restauration-400x133.jpg",400,133,true],"fusion-600":["https:\/\/www.lebeaukal.fr\/blog\/wp-content\/uploads\/2017\/06\/restauration-600x200.jpg",600,200,true],"fusion-800":["https:\/\/www.lebeaukal.fr\/blog\/wp-content\/uploads\/2017\/06\/restauration.jpg",600,200,false],"fusion-1200":["https:\/\/www.lebeaukal.fr\/blog\/wp-content\/uploads\/2017\/06\/restauration.jpg",600,200,false],"portfolio-full":["https:\/\/www.lebeaukal.fr\/blog\/wp-content\/uploads\/2017\/06\/restauration.jpg",600,200,false],"portfolio-one":["https:\/\/www.lebeaukal.fr\/blog\/wp-content\/uploads\/2017\/06\/restauration-540x200.jpg",540,200,true],"portfolio-two":["https:\/\/www.lebeaukal.fr\/blog\/wp-content\/uploads\/2017\/06\/restauration-460x200.jpg",460,200,true],"portfolio-three":["https:\/\/www.lebeaukal.fr\/blog\/wp-content\/uploads\/2017\/06\/restauration-300x200.jpg",300,200,true],"portfolio-five":["https:\/\/www.lebeaukal.fr\/blog\/wp-content\/uploads\/2017\/06\/restauration-177x142.jpg",177,142,true]},"uagb_author_info":{"display_name":"ChristianBK","author_link":"https:\/\/www.lebeaukal.fr\/blog\/author\/christianbk\/"},"uagb_comment_info":0,"uagb_excerpt":"Confier une photo ancienne \u00e0 restaurer \u00e0 Paris demande plus qu\u2019une simple solution technique. Lorsqu\u2019on retrouve une photo de famille jaunie, tach\u00e9e, pli\u00e9e ou d\u00e9chir\u00e9e, on cherche aussi une personne capable de respecter l\u2019image, son histoire et sa valeur affective. Pourquoi ce choix demande de l\u2019attention Aujourd\u2019hui, beaucoup de photographes travaillent surtout la prise de\u2026","_links":{"self":[{"href":"https:\/\/www.lebeaukal.fr\/blog\/wp-json\/wp\/v2\/posts\/817","targetHints":{"allow":["GET"]}}],"collection":[{"href":"https:\/\/www.lebeaukal.fr\/blog\/wp-json\/wp\/v2\/posts"}],"about":[{"href":"https:\/\/www.lebeaukal.fr\/blog\/wp-json\/wp\/v2\/types\/post"}],"author":[{"embeddable":true,"href":"https:\/\/www.lebeaukal.fr\/blog\/wp-json\/wp\/v2\/users\/1"}],"replies":[{"embeddable":true,"href":"https:\/\/www.lebeaukal.fr\/blog\/wp-json\/wp\/v2\/comments?post=817"}],"version-history":[{"count":11,"href":"https:\/\/www.lebeaukal.fr\/blog\/wp-json\/wp\/v2\/posts\/817\/revisions"}],"predecessor-version":[{"id":2038,"href":"https:\/\/www.lebeaukal.fr\/blog\/wp-json\/wp\/v2\/posts\/817\/revisions\/2038"}],"wp:featuredmedia":[{"embeddable":true,"href":"https:\/\/www.lebeaukal.fr\/blog\/wp-json\/wp\/v2\/media\/818"}],"wp:attachment":[{"href":"https:\/\/www.lebeaukal.fr\/blog\/wp-json\/wp\/v2\/media?parent=817"}],"wp:term":[{"taxonomy":"category","embeddable":true,"href":"https:\/\/www.lebeaukal.fr\/blog\/wp-json\/wp\/v2\/categories?post=817"},{"taxonomy":"post_tag","embeddable":true,"href":"https:\/\/www.lebeaukal.fr\/blog\/wp-json\/wp\/v2\/tags?post=817"}],"curies":[{"name":"wp","href":"https:\/\/api.w.org\/{rel}","templated":true}]}}