{"id":643,"date":"2017-01-17T13:59:54","date_gmt":"2017-01-17T12:59:54","guid":{"rendered":"http:\/\/www.lebeaukal.fr\/blog\/?p=643"},"modified":"2025-05-20T10:57:33","modified_gmt":"2025-05-20T08:57:33","slug":"shabiller-pour-une-photo-de-grossesse","status":"publish","type":"post","link":"https:\/\/www.lebeaukal.fr\/blog\/shabiller-pour-une-photo-de-grossesse\/","title":{"rendered":"S&rsquo;habiller pour une photo de grossesse, de femme enceinte ?"},"content":{"rendered":"<div class=\"fusion-fullwidth fullwidth-box fusion-builder-row-1 hundred-percent-fullwidth non-hundred-percent-height-scrolling\" style=\"background-color: rgba(255,255,255,0);background-position: center center;background-repeat: no-repeat;padding-top:0px;padding-right:0px;padding-bottom:0px;padding-left:0px;margin-bottom: 0px;margin-top: 0px;border-width: 0px 0px 0px 0px;border-color:#eae9e9;border-style:solid;\" ><div class=\"fusion-builder-row fusion-row\"><div class=\"fusion-layout-column fusion_builder_column fusion-builder-column-0 fusion_builder_column_1_1 1_1 fusion-one-full fusion-column-first fusion-column-last fusion-column-no-min-height\" style=\"margin-top:0px;margin-bottom:0px;\"><div class=\"fusion-column-wrapper fusion-flex-column-wrapper-legacy\" style=\"background-position:left top;background-repeat:no-repeat;-webkit-background-size:cover;-moz-background-size:cover;-o-background-size:cover;background-size:cover;padding: 0px 0px 0px 0px;\"><div id=\"attachment_647\" style=\"width: 210px\" class=\"wp-caption alignright\"><a href=\"http:\/\/www.lebeaukal.fr\/futures-mamans.php\"><img decoding=\"async\" aria-describedby=\"caption-attachment-647\" class=\"wp-image-647 size-medium\" title=\"Photo de grossesse\" src=\"http:\/\/www.lebeaukal.fr\/blog\/wp-content\/uploads\/2017\/01\/sbj-007-200x300.jpg\" alt=\"Photo de grossesse\" width=\"200\" height=\"300\" srcset=\"https:\/\/www.lebeaukal.fr\/blog\/wp-content\/uploads\/2017\/01\/sbj-007-200x300.jpg 200w, https:\/\/www.lebeaukal.fr\/blog\/wp-content\/uploads\/2017\/01\/sbj-007-400x600.jpg 400w, https:\/\/www.lebeaukal.fr\/blog\/wp-content\/uploads\/2017\/01\/sbj-007-600x900.jpg 600w, https:\/\/www.lebeaukal.fr\/blog\/wp-content\/uploads\/2017\/01\/sbj-007-683x1024.jpg 683w, https:\/\/www.lebeaukal.fr\/blog\/wp-content\/uploads\/2017\/01\/sbj-007-768x1152.jpg 768w, https:\/\/www.lebeaukal.fr\/blog\/wp-content\/uploads\/2017\/01\/sbj-007-800x1200.jpg 800w, https:\/\/www.lebeaukal.fr\/blog\/wp-content\/uploads\/2017\/01\/sbj-007-1200x1800.jpg 1200w, https:\/\/www.lebeaukal.fr\/blog\/wp-content\/uploads\/2017\/01\/sbj-007.jpg 2205w\" sizes=\"(max-width: 200px) 100vw, 200px\" \/><\/a><p id=\"caption-attachment-647\" class=\"wp-caption-text\">Photo de grossesse<\/p><\/div>\n<h1><a href=\"http:\/\/www.lebeaukal.fr\/futures-mamans.php\"><span style=\"font-family: 'Trebuchet MS', Geneva;\"><strong>Comment s&rsquo;habiller pour une photo grossesse ?<\/strong><\/span><\/a><\/h1>\n<h2><span style=\"font-family: 'Trebuchet MS', Geneva;\">Trouver le bon style pour une s\u00e9ance photo de grossesse reste un vrai casse-t\u00eate pour les femmes. <\/span><\/h2>\n<p><span style=\"font-family: 'Trebuchet MS', Geneva;\">Celles-ci pensent que faire <a href=\"http:\/\/www.lebeaukal.fr\/contact-devis.php\"><strong>une photo de grossesse<\/strong><\/a> est tr\u00e8s embarrassant contrairement aux\u00a0 shooting photo de mariage. Le gros ventre est l\u2019une des raisons. On pense ne pas pouvoir s\u00e9duire son mari, son fianc\u00e9 avec un tel ventre. Que non\u00a0! Mesdames, mesdemoiselles, sachez qu\u2019il est vraiment possible de vivre des moments de r\u00eaves et immortaliser votre grossesse dans un studio avec un photographe professionnel. Il prendra des clich\u00e9s sensationnels et surtout avec des tenues vestimentaires qui mettent en \u00e9vidence votre joli ventre. Voyons donc ensemble quel style adopter.<\/span><\/p>\n<p><span style=\"font-family: 'Trebuchet MS', Geneva;\">Vous pouvez opter pour des tenues qui ne sont pas amples, et donc qui ne cachent pas le ventre rond, c\u2019est-\u00e0-dire des tenues moulantes, car durant la s\u00e9ance photo, le ventre de maman doit \u00eatre mis en \u00e9vidence.\u00a0 M\u00eame si\u00a0 vous souhaitez mettre une robe longue fluide il y a des accessoires avec une ceinture sous le ventre cela mettra en valeur la rondeur de votre ventre !<\/span><\/p>\n<h2><span style=\"font-family: 'Trebuchet MS', Geneva;\">Osez le c\u00f4t\u00e9 sexy !<\/span><\/h2>\n<p><span style=\"font-family: 'Trebuchet MS', Geneva;\">Il y a \u00e9galement cette autre option qui peut s\u2019av\u00e9rer tr\u00e8s sexy, et qui pourrait bien s\u00e9duire votre conjoint. Vous pouvez opter pour des tenues qui laissent appara\u00eetre votre ventre nu. La Maman peut simplement poser avec un ventre nu en enfilant juste un soutien-gorge, une brassi\u00e8re ou un haut de maillot de bain. Nous vous proposons \u00e9galement de cr\u00e9er un effet peau \u00e0 peau lors d\u2019une s\u00e9ance photo de grossesse en couple. Papa peut mettre un torse nu pour cr\u00e9er cet effet \u00e9motionnel au contact du corps de maman.<\/span><\/p>\n<p><span style=\"font-family: 'Trebuchet MS', Geneva;\">Il y aussi la possibilit\u00e9 de choisir des tenues qui vont avec le nombre de mois de grossesse. Du 3e au 5e mois de grossesse, maman peut encore enfiler des tenues sexy\u00a0: Chemises, nuisettes\u2026 sont des exemples de de tenues qui s\u2019ouvrent sur le ventre. Du 5e \u00e0 8e mois, optez pour des tenues moulantes comme nous l\u2019avons pr\u00e9cis\u00e9 plus haut, ou alors des robes fluides pour que le ventre rond soit bien marqu\u00e9 est recommand\u00e9.<\/span><\/p>\n<p>L&rsquo;autre solution reste\u00a0de poser nue, vous serez habill\u00e9e par un subtil jeu d&rsquo;ombres et de \u00a0lumi\u00e8res.<\/p>\n<p><span style=\"font-family: 'Trebuchet MS', Geneva;\">Nous vous d\u00e9conseillons des v\u00eatements trop protocolaires et autres, avec de gros logos !<\/span><\/p>\n<h2><span style=\"font-family: 'Trebuchet MS', Geneva;\"><strong>Poser en couple, c&rsquo;est possible !<\/strong><\/span><\/h2>\n<p><span style=\"font-family: 'Trebuchet MS', Geneva;\">Aussi si le couple a d\u00e9cid\u00e9 de prendre des photos ensemble, Messieurs, soyez attentifs. Si maman a d\u00e9cid\u00e9 de porter une robe chique et romantique, alors mettez de cot\u00e9 vos tenues d\u00e9contract\u00e9es.<\/span><\/p>\n<p><span style=\"font-family: 'Trebuchet MS', Geneva;\">Il faut que vous sachiez qu\u2019il est primordial de faire appel \u00e0 un professionnel lors d\u2019une s\u00e9ance <strong><a href=\"http:\/\/www.lebeaukal.fr\/futures-mamans.php\">photo maternit\u00e9<\/a>. <\/strong>Durant la grossesse<strong>,<\/strong> une femme enceinte peut voir appara\u00eetre des vergetures, des cernes, des veines apparentes. Seul le professionnel, pourrait assurer le camouflage (ou pas) de ces imperfections de passage, ceci gr\u00e2ce \u00e0 son exp\u00e9rience et autres outils de photographie.<\/span><\/p>\n<p><span style=\"font-family: 'Trebuchet MS', Geneva;\">Beyonc\u00e9 enceinte n&rsquo;a pas encore r\u00e9serv\u00e9 sa \u00ab\u00a0s\u00e9ance Future maman\u00a0\u00bb pour ses <a href=\"http:\/\/www.lebeaukal.fr\/futures-mamans.php\">photos de grossesse<\/a> au BeauKal !<\/span><\/p>\n<p><span style=\"font-family: 'Trebuchet MS', Geneva;\">Pour votre confort et dans une d\u00e9marche professionnelle, Christian de Brosses vous recevra dans son studio au centre de Paris, <a href=\"http:\/\/www.lebeaukal.fr\/futures-mamans.php\">Le BeauKal<\/a>.<\/span><\/p>\n<p><span style=\"font-family: 'Trebuchet MS', Geneva;\">A tr\u00e8s vite.<\/span><\/p>\n<p><span style=\"font-family: 'Trebuchet MS', Geneva;\">Pour prendre rendez-vous, c&rsquo;est ici :\u00a0<\/span><\/p>\n<div class=\"fusion-clearfix\"><\/div><\/div><\/div><div class=\"fusion-layout-column fusion_builder_column fusion-builder-column-1 fusion_builder_column_1_1 1_1 fusion-one-full fusion-column-first fusion-column-last fusion-column-no-min-height\" style=\"margin-top:0px;margin-bottom:0px;\"><div class=\"fusion-column-wrapper fusion-flex-column-wrapper-legacy\" style=\"background-position:left top;background-repeat:no-repeat;-webkit-background-size:cover;-moz-background-size:cover;-o-background-size:cover;background-size:cover;padding: 0px 0px 0px 0px;\"><div id=\"attachment_651\" style=\"width: 185px\" class=\"wp-caption alignleft\"><a href=\"http:\/\/www.lebeaukal.fr\/contact-devis.php\"><img decoding=\"async\" aria-describedby=\"caption-attachment-651\" class=\"wp-image-651 size-full\" src=\"http:\/\/www.lebeaukal.fr\/blog\/wp-content\/uploads\/2017\/01\/contact3.png\" alt=\"Prendre RDV\" width=\"175\" height=\"35\" \/><\/a><p id=\"caption-attachment-651\" class=\"wp-caption-text\"><span style=\"font-family: 'Trebuchet MS', Geneva;\">Prendre RDV<\/span><\/p><\/div>\n<p>&nbsp;<\/p>\n<p>&nbsp;<\/p>\n<p>&nbsp;<\/p>\n<p>&nbsp;<\/p>\n<p>&nbsp;<\/p>\n<p>&nbsp;<div class=\"fusion-clearfix\"><\/div><\/div><\/div><\/div><style type=\"text\/css\">.fusion-fullwidth.fusion-builder-row-1 { overflow:visible; }<\/style><\/div>\n","protected":false},"excerpt":{"rendered":"","protected":false},"author":1,"featured_media":913,"comment_status":"open","ping_status":"open","sticky":false,"template":"","format":"standard","meta":{"_uag_custom_page_level_css":"","footnotes":""},"categories":[1312],"tags":[],"class_list":["post-643","post","type-post","status-publish","format-standard","has-post-thumbnail","hentry","category-shootings-reportages-expositions"],"yoast_head":"<!-- This site is optimized with the Yoast SEO Premium plugin v26.4 (Yoast SEO v26.4) - https:\/\/yoast.com\/wordpress\/plugins\/seo\/ -->\n<title>S&#039;habiller pour une photo de grossesse, de femme enceinte ?<\/title>\n<meta name=\"description\" content=\"Choisir ses v\u00eatements pour une s\u00e9ance de photo de grossesse, de femme enceinte, de future maman. Montrer son ventre, sa f\u00e9minit\u00e9 !\" \/>\n<meta name=\"robots\" content=\"index, follow, max-snippet:-1, max-image-preview:large, max-video-preview:-1\" \/>\n<link rel=\"canonical\" href=\"https:\/\/www.lebeaukal.fr\/blog\/shabiller-pour-une-photo-de-grossesse\/\" \/>\n<meta property=\"og:locale\" content=\"fr_FR\" \/>\n<meta property=\"og:type\" content=\"article\" \/>\n<meta property=\"og:title\" content=\"S&#039;habiller pour une photo de grossesse, de femme enceinte ?\" \/>\n<meta property=\"og:description\" content=\"Choisir ses v\u00eatements pour une s\u00e9ance de photo de grossesse, de femme enceinte, de future maman. Montrer son ventre, sa f\u00e9minit\u00e9 !\" \/>\n<meta property=\"og:url\" content=\"https:\/\/www.lebeaukal.fr\/blog\/shabiller-pour-une-photo-de-grossesse\/\" \/>\n<meta property=\"og:site_name\" content=\"Les Bulles du BeauKal\" \/>\n<meta property=\"article:publisher\" content=\"https:\/\/www.facebook.com\/beaukalexperience\/\" \/>\n<meta property=\"article:published_time\" content=\"2017-01-17T12:59:54+00:00\" \/>\n<meta property=\"article:modified_time\" content=\"2025-05-20T08:57:33+00:00\" \/>\n<meta property=\"og:image\" content=\"https:\/\/www.lebeaukal.fr\/blog\/wp-content\/uploads\/2017\/01\/FutureMaman.jpg\" \/>\n\t<meta property=\"og:image:width\" content=\"1441\" \/>\n\t<meta property=\"og:image:height\" content=\"1441\" \/>\n\t<meta property=\"og:image:type\" content=\"image\/jpeg\" \/>\n<meta name=\"author\" content=\"ChristianBK\" \/>\n<meta name=\"twitter:card\" content=\"summary_large_image\" \/>\n<meta name=\"twitter:creator\" content=\"@LeBeaukal\" \/>\n<meta name=\"twitter:site\" content=\"@LeBeaukal\" \/>\n<meta name=\"twitter:label1\" content=\"\u00c9crit par\" \/>\n\t<meta name=\"twitter:data1\" content=\"ChristianBK\" \/>\n\t<meta name=\"twitter:label2\" content=\"Dur\u00e9e de lecture estim\u00e9e\" \/>\n\t<meta name=\"twitter:data2\" content=\"4 minutes\" \/>\n<script type=\"application\/ld+json\" class=\"yoast-schema-graph\">{\"@context\":\"https:\/\/schema.org\",\"@graph\":[{\"@type\":\"Article\",\"@id\":\"https:\/\/www.lebeaukal.fr\/blog\/shabiller-pour-une-photo-de-grossesse\/#article\",\"isPartOf\":{\"@id\":\"https:\/\/www.lebeaukal.fr\/blog\/shabiller-pour-une-photo-de-grossesse\/\"},\"author\":{\"name\":\"ChristianBK\",\"@id\":\"https:\/\/www.lebeaukal.fr\/blog\/#\/schema\/person\/98c131ff4c5a3ec8104e930794adf33f\"},\"headline\":\"S&rsquo;habiller pour une photo de grossesse, de femme enceinte ?\",\"datePublished\":\"2017-01-17T12:59:54+00:00\",\"dateModified\":\"2025-05-20T08:57:33+00:00\",\"mainEntityOfPage\":{\"@id\":\"https:\/\/www.lebeaukal.fr\/blog\/shabiller-pour-une-photo-de-grossesse\/\"},\"wordCount\":725,\"commentCount\":0,\"publisher\":{\"@id\":\"https:\/\/www.lebeaukal.fr\/blog\/#organization\"},\"image\":{\"@id\":\"https:\/\/www.lebeaukal.fr\/blog\/shabiller-pour-une-photo-de-grossesse\/#primaryimage\"},\"thumbnailUrl\":\"https:\/\/www.lebeaukal.fr\/blog\/wp-content\/uploads\/2017\/01\/FutureMaman.jpg\",\"articleSection\":[\"2. Shootings-Reportages-Expositions\"],\"inLanguage\":\"fr-FR\",\"potentialAction\":[{\"@type\":\"CommentAction\",\"name\":\"Comment\",\"target\":[\"https:\/\/www.lebeaukal.fr\/blog\/shabiller-pour-une-photo-de-grossesse\/#respond\"]}]},{\"@type\":\"WebPage\",\"@id\":\"https:\/\/www.lebeaukal.fr\/blog\/shabiller-pour-une-photo-de-grossesse\/\",\"url\":\"https:\/\/www.lebeaukal.fr\/blog\/shabiller-pour-une-photo-de-grossesse\/\",\"name\":\"S'habiller pour une photo de grossesse, de femme enceinte ?\",\"isPartOf\":{\"@id\":\"https:\/\/www.lebeaukal.fr\/blog\/#website\"},\"primaryImageOfPage\":{\"@id\":\"https:\/\/www.lebeaukal.fr\/blog\/shabiller-pour-une-photo-de-grossesse\/#primaryimage\"},\"image\":{\"@id\":\"https:\/\/www.lebeaukal.fr\/blog\/shabiller-pour-une-photo-de-grossesse\/#primaryimage\"},\"thumbnailUrl\":\"https:\/\/www.lebeaukal.fr\/blog\/wp-content\/uploads\/2017\/01\/FutureMaman.jpg\",\"datePublished\":\"2017-01-17T12:59:54+00:00\",\"dateModified\":\"2025-05-20T08:57:33+00:00\",\"description\":\"Choisir ses v\u00eatements pour une s\u00e9ance de photo de grossesse, de femme enceinte, de future maman. Montrer son ventre, sa f\u00e9minit\u00e9 !\",\"breadcrumb\":{\"@id\":\"https:\/\/www.lebeaukal.fr\/blog\/shabiller-pour-une-photo-de-grossesse\/#breadcrumb\"},\"inLanguage\":\"fr-FR\",\"potentialAction\":[{\"@type\":\"ReadAction\",\"target\":[\"https:\/\/www.lebeaukal.fr\/blog\/shabiller-pour-une-photo-de-grossesse\/\"]}]},{\"@type\":\"ImageObject\",\"inLanguage\":\"fr-FR\",\"@id\":\"https:\/\/www.lebeaukal.fr\/blog\/shabiller-pour-une-photo-de-grossesse\/#primaryimage\",\"url\":\"https:\/\/www.lebeaukal.fr\/blog\/wp-content\/uploads\/2017\/01\/FutureMaman.jpg\",\"contentUrl\":\"https:\/\/www.lebeaukal.fr\/blog\/wp-content\/uploads\/2017\/01\/FutureMaman.jpg\",\"width\":1441,\"height\":1441,\"caption\":\"Une belle lumi\u00e8re pour un beau ventre\"},{\"@type\":\"BreadcrumbList\",\"@id\":\"https:\/\/www.lebeaukal.fr\/blog\/shabiller-pour-une-photo-de-grossesse\/#breadcrumb\",\"itemListElement\":[{\"@type\":\"ListItem\",\"position\":1,\"name\":\"Accueil\",\"item\":\"https:\/\/www.lebeaukal.fr\/blog\/\"},{\"@type\":\"ListItem\",\"position\":2,\"name\":\"S&rsquo;habiller pour une photo de grossesse, de femme enceinte ?\"}]},{\"@type\":\"WebSite\",\"@id\":\"https:\/\/www.lebeaukal.fr\/blog\/#website\",\"url\":\"https:\/\/www.lebeaukal.fr\/blog\/\",\"name\":\"Les Bulles du BeauKal\",\"description\":\"Le blog du studio photo Le BeauKal et informations sur la photo\",\"publisher\":{\"@id\":\"https:\/\/www.lebeaukal.fr\/blog\/#organization\"},\"potentialAction\":[{\"@type\":\"SearchAction\",\"target\":{\"@type\":\"EntryPoint\",\"urlTemplate\":\"https:\/\/www.lebeaukal.fr\/blog\/?s={search_term_string}\"},\"query-input\":{\"@type\":\"PropertyValueSpecification\",\"valueRequired\":true,\"valueName\":\"search_term_string\"}}],\"inLanguage\":\"fr-FR\"},{\"@type\":\"Organization\",\"@id\":\"https:\/\/www.lebeaukal.fr\/blog\/#organization\",\"name\":\"Le BeauKal\",\"url\":\"https:\/\/www.lebeaukal.fr\/blog\/\",\"logo\":{\"@type\":\"ImageObject\",\"inLanguage\":\"fr-FR\",\"@id\":\"https:\/\/www.lebeaukal.fr\/blog\/#\/schema\/logo\/image\/\",\"url\":\"https:\/\/www.lebeaukal.fr\/blog\/wp-content\/uploads\/2017\/01\/LOGOBK2.jpg\",\"contentUrl\":\"https:\/\/www.lebeaukal.fr\/blog\/wp-content\/uploads\/2017\/01\/LOGOBK2.jpg\",\"width\":500,\"height\":500,\"caption\":\"Le BeauKal\"},\"image\":{\"@id\":\"https:\/\/www.lebeaukal.fr\/blog\/#\/schema\/logo\/image\/\"},\"sameAs\":[\"https:\/\/www.facebook.com\/beaukalexperience\/\",\"https:\/\/x.com\/LeBeaukal\",\"https:\/\/www.instagram.com\/photographemontorgueil\/\",\"https:\/\/www.linkedin.com\/in\/christiandebrossesphotographe\/\"]},{\"@type\":\"Person\",\"@id\":\"https:\/\/www.lebeaukal.fr\/blog\/#\/schema\/person\/98c131ff4c5a3ec8104e930794adf33f\",\"name\":\"ChristianBK\",\"image\":{\"@type\":\"ImageObject\",\"inLanguage\":\"fr-FR\",\"@id\":\"https:\/\/www.lebeaukal.fr\/blog\/#\/schema\/person\/image\/\",\"url\":\"https:\/\/secure.gravatar.com\/avatar\/c363618de0d3e7978149ed892cf0466777ea09234acdd07bafe30ab1a90d7e55?s=96&d=mm&r=g\",\"contentUrl\":\"https:\/\/secure.gravatar.com\/avatar\/c363618de0d3e7978149ed892cf0466777ea09234acdd07bafe30ab1a90d7e55?s=96&d=mm&r=g\",\"caption\":\"ChristianBK\"}}]}<\/script>\n<!-- \/ Yoast SEO Premium plugin. -->","yoast_head_json":{"title":"S'habiller pour une photo de grossesse, de femme enceinte ?","description":"Choisir ses v\u00eatements pour une s\u00e9ance de photo de grossesse, de femme enceinte, de future maman. Montrer son ventre, sa f\u00e9minit\u00e9 !","robots":{"index":"index","follow":"follow","max-snippet":"max-snippet:-1","max-image-preview":"max-image-preview:large","max-video-preview":"max-video-preview:-1"},"canonical":"https:\/\/www.lebeaukal.fr\/blog\/shabiller-pour-une-photo-de-grossesse\/","og_locale":"fr_FR","og_type":"article","og_title":"S'habiller pour une photo de grossesse, de femme enceinte ?","og_description":"Choisir ses v\u00eatements pour une s\u00e9ance de photo de grossesse, de femme enceinte, de future maman. Montrer son ventre, sa f\u00e9minit\u00e9 !","og_url":"https:\/\/www.lebeaukal.fr\/blog\/shabiller-pour-une-photo-de-grossesse\/","og_site_name":"Les Bulles du BeauKal","article_publisher":"https:\/\/www.facebook.com\/beaukalexperience\/","article_published_time":"2017-01-17T12:59:54+00:00","article_modified_time":"2025-05-20T08:57:33+00:00","og_image":[{"width":1441,"height":1441,"url":"https:\/\/www.lebeaukal.fr\/blog\/wp-content\/uploads\/2017\/01\/FutureMaman.jpg","type":"image\/jpeg"}],"author":"ChristianBK","twitter_card":"summary_large_image","twitter_creator":"@LeBeaukal","twitter_site":"@LeBeaukal","twitter_misc":{"\u00c9crit par":"ChristianBK","Dur\u00e9e de lecture estim\u00e9e":"4 minutes"},"schema":{"@context":"https:\/\/schema.org","@graph":[{"@type":"Article","@id":"https:\/\/www.lebeaukal.fr\/blog\/shabiller-pour-une-photo-de-grossesse\/#article","isPartOf":{"@id":"https:\/\/www.lebeaukal.fr\/blog\/shabiller-pour-une-photo-de-grossesse\/"},"author":{"name":"ChristianBK","@id":"https:\/\/www.lebeaukal.fr\/blog\/#\/schema\/person\/98c131ff4c5a3ec8104e930794adf33f"},"headline":"S&rsquo;habiller pour une photo de grossesse, de femme enceinte ?","datePublished":"2017-01-17T12:59:54+00:00","dateModified":"2025-05-20T08:57:33+00:00","mainEntityOfPage":{"@id":"https:\/\/www.lebeaukal.fr\/blog\/shabiller-pour-une-photo-de-grossesse\/"},"wordCount":725,"commentCount":0,"publisher":{"@id":"https:\/\/www.lebeaukal.fr\/blog\/#organization"},"image":{"@id":"https:\/\/www.lebeaukal.fr\/blog\/shabiller-pour-une-photo-de-grossesse\/#primaryimage"},"thumbnailUrl":"https:\/\/www.lebeaukal.fr\/blog\/wp-content\/uploads\/2017\/01\/FutureMaman.jpg","articleSection":["2. Shootings-Reportages-Expositions"],"inLanguage":"fr-FR","potentialAction":[{"@type":"CommentAction","name":"Comment","target":["https:\/\/www.lebeaukal.fr\/blog\/shabiller-pour-une-photo-de-grossesse\/#respond"]}]},{"@type":"WebPage","@id":"https:\/\/www.lebeaukal.fr\/blog\/shabiller-pour-une-photo-de-grossesse\/","url":"https:\/\/www.lebeaukal.fr\/blog\/shabiller-pour-une-photo-de-grossesse\/","name":"S'habiller pour une photo de grossesse, de femme enceinte ?","isPartOf":{"@id":"https:\/\/www.lebeaukal.fr\/blog\/#website"},"primaryImageOfPage":{"@id":"https:\/\/www.lebeaukal.fr\/blog\/shabiller-pour-une-photo-de-grossesse\/#primaryimage"},"image":{"@id":"https:\/\/www.lebeaukal.fr\/blog\/shabiller-pour-une-photo-de-grossesse\/#primaryimage"},"thumbnailUrl":"https:\/\/www.lebeaukal.fr\/blog\/wp-content\/uploads\/2017\/01\/FutureMaman.jpg","datePublished":"2017-01-17T12:59:54+00:00","dateModified":"2025-05-20T08:57:33+00:00","description":"Choisir ses v\u00eatements pour une s\u00e9ance de photo de grossesse, de femme enceinte, de future maman. Montrer son ventre, sa f\u00e9minit\u00e9 !","breadcrumb":{"@id":"https:\/\/www.lebeaukal.fr\/blog\/shabiller-pour-une-photo-de-grossesse\/#breadcrumb"},"inLanguage":"fr-FR","potentialAction":[{"@type":"ReadAction","target":["https:\/\/www.lebeaukal.fr\/blog\/shabiller-pour-une-photo-de-grossesse\/"]}]},{"@type":"ImageObject","inLanguage":"fr-FR","@id":"https:\/\/www.lebeaukal.fr\/blog\/shabiller-pour-une-photo-de-grossesse\/#primaryimage","url":"https:\/\/www.lebeaukal.fr\/blog\/wp-content\/uploads\/2017\/01\/FutureMaman.jpg","contentUrl":"https:\/\/www.lebeaukal.fr\/blog\/wp-content\/uploads\/2017\/01\/FutureMaman.jpg","width":1441,"height":1441,"caption":"Une belle lumi\u00e8re pour un beau ventre"},{"@type":"BreadcrumbList","@id":"https:\/\/www.lebeaukal.fr\/blog\/shabiller-pour-une-photo-de-grossesse\/#breadcrumb","itemListElement":[{"@type":"ListItem","position":1,"name":"Accueil","item":"https:\/\/www.lebeaukal.fr\/blog\/"},{"@type":"ListItem","position":2,"name":"S&rsquo;habiller pour une photo de grossesse, de femme enceinte ?"}]},{"@type":"WebSite","@id":"https:\/\/www.lebeaukal.fr\/blog\/#website","url":"https:\/\/www.lebeaukal.fr\/blog\/","name":"Les Bulles du BeauKal","description":"Le blog du studio photo Le BeauKal et informations sur la photo","publisher":{"@id":"https:\/\/www.lebeaukal.fr\/blog\/#organization"},"potentialAction":[{"@type":"SearchAction","target":{"@type":"EntryPoint","urlTemplate":"https:\/\/www.lebeaukal.fr\/blog\/?s={search_term_string}"},"query-input":{"@type":"PropertyValueSpecification","valueRequired":true,"valueName":"search_term_string"}}],"inLanguage":"fr-FR"},{"@type":"Organization","@id":"https:\/\/www.lebeaukal.fr\/blog\/#organization","name":"Le BeauKal","url":"https:\/\/www.lebeaukal.fr\/blog\/","logo":{"@type":"ImageObject","inLanguage":"fr-FR","@id":"https:\/\/www.lebeaukal.fr\/blog\/#\/schema\/logo\/image\/","url":"https:\/\/www.lebeaukal.fr\/blog\/wp-content\/uploads\/2017\/01\/LOGOBK2.jpg","contentUrl":"https:\/\/www.lebeaukal.fr\/blog\/wp-content\/uploads\/2017\/01\/LOGOBK2.jpg","width":500,"height":500,"caption":"Le BeauKal"},"image":{"@id":"https:\/\/www.lebeaukal.fr\/blog\/#\/schema\/logo\/image\/"},"sameAs":["https:\/\/www.facebook.com\/beaukalexperience\/","https:\/\/x.com\/LeBeaukal","https:\/\/www.instagram.com\/photographemontorgueil\/","https:\/\/www.linkedin.com\/in\/christiandebrossesphotographe\/"]},{"@type":"Person","@id":"https:\/\/www.lebeaukal.fr\/blog\/#\/schema\/person\/98c131ff4c5a3ec8104e930794adf33f","name":"ChristianBK","image":{"@type":"ImageObject","inLanguage":"fr-FR","@id":"https:\/\/www.lebeaukal.fr\/blog\/#\/schema\/person\/image\/","url":"https:\/\/secure.gravatar.com\/avatar\/c363618de0d3e7978149ed892cf0466777ea09234acdd07bafe30ab1a90d7e55?s=96&d=mm&r=g","contentUrl":"https:\/\/secure.gravatar.com\/avatar\/c363618de0d3e7978149ed892cf0466777ea09234acdd07bafe30ab1a90d7e55?s=96&d=mm&r=g","caption":"ChristianBK"}}]}},"uagb_featured_image_src":{"full":["https:\/\/www.lebeaukal.fr\/blog\/wp-content\/uploads\/2017\/01\/FutureMaman.jpg",1441,1441,false],"thumbnail":["https:\/\/www.lebeaukal.fr\/blog\/wp-content\/uploads\/2017\/01\/FutureMaman-150x150.jpg",150,150,true],"medium":["https:\/\/www.lebeaukal.fr\/blog\/wp-content\/uploads\/2017\/01\/FutureMaman-300x300.jpg",300,300,true],"medium_large":["https:\/\/www.lebeaukal.fr\/blog\/wp-content\/uploads\/2017\/01\/FutureMaman-768x768.jpg",768,768,true],"large":["https:\/\/www.lebeaukal.fr\/blog\/wp-content\/uploads\/2017\/01\/FutureMaman-1024x1024.jpg",1024,1024,true],"slgf_12_thumb":["https:\/\/www.lebeaukal.fr\/blog\/wp-content\/uploads\/2017\/01\/FutureMaman-500x1441.jpg",500,1441,true],"slgf_346_thumb":["https:\/\/www.lebeaukal.fr\/blog\/wp-content\/uploads\/2017\/01\/FutureMaman-400x1441.jpg",400,1441,true],"slgf_12_same_size_thumb":["https:\/\/www.lebeaukal.fr\/blog\/wp-content\/uploads\/2017\/01\/FutureMaman-500x500.jpg",500,500,true],"slgf_346_same_size_thumb":["https:\/\/www.lebeaukal.fr\/blog\/wp-content\/uploads\/2017\/01\/FutureMaman-400x400.jpg",400,400,true],"rpg_gallery_admin_thumb":["https:\/\/www.lebeaukal.fr\/blog\/wp-content\/uploads\/2017\/01\/FutureMaman-150x150.jpg",150,150,true],"rpg_gallery_thumb":["https:\/\/www.lebeaukal.fr\/blog\/wp-content\/uploads\/2017\/01\/FutureMaman-150x150.jpg",150,150,true],"1536x1536":["https:\/\/www.lebeaukal.fr\/blog\/wp-content\/uploads\/2017\/01\/FutureMaman.jpg",1441,1441,false],"2048x2048":["https:\/\/www.lebeaukal.fr\/blog\/wp-content\/uploads\/2017\/01\/FutureMaman.jpg",1441,1441,false],"blog-large":["https:\/\/www.lebeaukal.fr\/blog\/wp-content\/uploads\/2017\/01\/FutureMaman-669x272.jpg",669,272,true],"blog-medium":["https:\/\/www.lebeaukal.fr\/blog\/wp-content\/uploads\/2017\/01\/FutureMaman-320x202.jpg",320,202,true],"recent-posts":["https:\/\/www.lebeaukal.fr\/blog\/wp-content\/uploads\/2017\/01\/FutureMaman-700x441.jpg",700,441,true],"recent-works-thumbnail":["https:\/\/www.lebeaukal.fr\/blog\/wp-content\/uploads\/2017\/01\/FutureMaman-66x66.jpg",66,66,true],"fusion-200":["https:\/\/www.lebeaukal.fr\/blog\/wp-content\/uploads\/2017\/01\/FutureMaman-200x200.jpg",200,200,true],"fusion-400":["https:\/\/www.lebeaukal.fr\/blog\/wp-content\/uploads\/2017\/01\/FutureMaman-400x400.jpg",400,400,true],"fusion-600":["https:\/\/www.lebeaukal.fr\/blog\/wp-content\/uploads\/2017\/01\/FutureMaman-600x600.jpg",600,600,true],"fusion-800":["https:\/\/www.lebeaukal.fr\/blog\/wp-content\/uploads\/2017\/01\/FutureMaman-800x800.jpg",800,800,true],"fusion-1200":["https:\/\/www.lebeaukal.fr\/blog\/wp-content\/uploads\/2017\/01\/FutureMaman-1200x1200.jpg",1200,1200,true],"portfolio-full":["https:\/\/www.lebeaukal.fr\/blog\/wp-content\/uploads\/2017\/01\/FutureMaman-940x400.jpg",940,400,true],"portfolio-one":["https:\/\/www.lebeaukal.fr\/blog\/wp-content\/uploads\/2017\/01\/FutureMaman-540x272.jpg",540,272,true],"portfolio-two":["https:\/\/www.lebeaukal.fr\/blog\/wp-content\/uploads\/2017\/01\/FutureMaman-460x295.jpg",460,295,true],"portfolio-three":["https:\/\/www.lebeaukal.fr\/blog\/wp-content\/uploads\/2017\/01\/FutureMaman-300x214.jpg",300,214,true],"portfolio-five":["https:\/\/www.lebeaukal.fr\/blog\/wp-content\/uploads\/2017\/01\/FutureMaman-177x142.jpg",177,142,true]},"uagb_author_info":{"display_name":"ChristianBK","author_link":"https:\/\/www.lebeaukal.fr\/blog\/author\/christianbk\/"},"uagb_comment_info":0,"uagb_excerpt":null,"_links":{"self":[{"href":"https:\/\/www.lebeaukal.fr\/blog\/wp-json\/wp\/v2\/posts\/643","targetHints":{"allow":["GET"]}}],"collection":[{"href":"https:\/\/www.lebeaukal.fr\/blog\/wp-json\/wp\/v2\/posts"}],"about":[{"href":"https:\/\/www.lebeaukal.fr\/blog\/wp-json\/wp\/v2\/types\/post"}],"author":[{"embeddable":true,"href":"https:\/\/www.lebeaukal.fr\/blog\/wp-json\/wp\/v2\/users\/1"}],"replies":[{"embeddable":true,"href":"https:\/\/www.lebeaukal.fr\/blog\/wp-json\/wp\/v2\/comments?post=643"}],"version-history":[{"count":31,"href":"https:\/\/www.lebeaukal.fr\/blog\/wp-json\/wp\/v2\/posts\/643\/revisions"}],"predecessor-version":[{"id":1340,"href":"https:\/\/www.lebeaukal.fr\/blog\/wp-json\/wp\/v2\/posts\/643\/revisions\/1340"}],"wp:featuredmedia":[{"embeddable":true,"href":"https:\/\/www.lebeaukal.fr\/blog\/wp-json\/wp\/v2\/media\/913"}],"wp:attachment":[{"href":"https:\/\/www.lebeaukal.fr\/blog\/wp-json\/wp\/v2\/media?parent=643"}],"wp:term":[{"taxonomy":"category","embeddable":true,"href":"https:\/\/www.lebeaukal.fr\/blog\/wp-json\/wp\/v2\/categories?post=643"},{"taxonomy":"post_tag","embeddable":true,"href":"https:\/\/www.lebeaukal.fr\/blog\/wp-json\/wp\/v2\/tags?post=643"}],"curies":[{"name":"wp","href":"https:\/\/api.w.org\/{rel}","templated":true}]}}