{"id":4,"date":"2015-09-12T20:51:34","date_gmt":"2015-09-12T20:51:34","guid":{"rendered":"http:\/\/www.lebeaukal.fr\/blog\/2015\/09\/12\/2015-09-photo-de-presse-information-ou-communication\/"},"modified":"2025-05-19T20:23:03","modified_gmt":"2025-05-19T18:23:03","slug":"2015-09-photo-de-presse-information-ou-communication","status":"publish","type":"post","link":"https:\/\/www.lebeaukal.fr\/blog\/2015-09-photo-de-presse-information-ou-communication\/","title":{"rendered":"Photo de presse : information ou communication ?"},"content":{"rendered":"<div class=\"ob-sections\">\n<div class=\"ob-section ob-section-text\">\n<h2 class=\" ob-pull-left ob-media-left ob-img-size-full \"><a title=\"Aylan Kurdi\" href=\"http:\/\/lesmoutonsenrages.fr\/2015\/09\/12\/guerre-de-linformation-la-photo-daylan-kurdi-et-son-impact-sur-le-debat-public\/\" target=\"_blank\" rel=\"noopener noreferrer\">\u00a0<\/a><\/h2>\n<div class=\"fusion-fullwidth fullwidth-box fusion-builder-row-1 hundred-percent-fullwidth non-hundred-percent-height-scrolling\" style=\"background-color: rgba(255,255,255,0);background-position: center center;background-repeat: no-repeat;padding-top:0px;padding-right:0px;padding-bottom:0px;padding-left:0px;margin-bottom: 0px;margin-top: 0px;border-width: 0px 0px 0px 0px;border-color:#eae9e9;border-style:solid;\" ><div class=\"fusion-builder-row fusion-row\"><div class=\"fusion-layout-column fusion_builder_column fusion-builder-column-0 fusion_builder_column_1_1 1_1 fusion-one-full fusion-column-first fusion-column-last fusion-column-no-min-height\" style=\"margin-top:0px;margin-bottom:0px;\"><div class=\"fusion-column-wrapper fusion-flex-column-wrapper-legacy\" style=\"background-position:left top;background-repeat:no-repeat;-webkit-background-size:cover;-moz-background-size:cover;-o-background-size:cover;background-size:cover;padding: 0px 0px 0px 0px;\"><div id=\"attachment_512\" style=\"width: 310px\" class=\"wp-caption alignleft\"><a href=\"http:\/\/www.lebeaukal.fr\/blog\/wp-content\/uploads\/2015\/09\/aylan-480x279.jpg\"><img decoding=\"async\" aria-describedby=\"caption-attachment-512\" class=\"wp-image-512 size-medium\" src=\"http:\/\/www.lebeaukal.fr\/blog\/wp-content\/uploads\/2015\/09\/aylan-480x279-300x174.jpg\" alt=\"\u00a9Nilufer Demir la photo d\u2019Aylan Kurdi\" width=\"300\" height=\"174\" srcset=\"https:\/\/www.lebeaukal.fr\/blog\/wp-content\/uploads\/2015\/09\/aylan-480x279-200x116.jpg 200w, https:\/\/www.lebeaukal.fr\/blog\/wp-content\/uploads\/2015\/09\/aylan-480x279-300x174.jpg 300w, https:\/\/www.lebeaukal.fr\/blog\/wp-content\/uploads\/2015\/09\/aylan-480x279-400x233.jpg 400w, https:\/\/www.lebeaukal.fr\/blog\/wp-content\/uploads\/2015\/09\/aylan-480x279.jpg 480w\" sizes=\"(max-width: 300px) 100vw, 300px\" \/><\/a><p id=\"caption-attachment-512\" class=\"wp-caption-text\"><span style=\"font-family: Trebuchet MS,Geneva;\">\u00a9Nilufer Demir<\/span><br \/><span style=\"font-family: Trebuchet MS,Geneva;\">la photo d\u2019Aylan Kurdi <br \/><\/span><\/p><\/div>\n<p>&nbsp;<\/p>\n<h2 class=\" ob-pull-left ob-media-left ob-img-size-full \"><span style=\"font-family: Trebuchet MS,Geneva;\">Guerre de l\u2019information : la photo d\u2019Aylan Kurdi et son impact sur le d\u00e9bat public<\/span><\/h2>\n<div class=\"ob-text\">\n<p><span style=\"font-family: Trebuchet MS,Geneva;\">Tous les m\u00e9dias traditionnels occidentaux ont pris position en faveur de l\u2019accueil des \u00ab r\u00e9fugi\u00e9s \u00bb syriens \u00e0 la suite de la diffusion de la photo du corps du petit Aylan, retrouv\u00e9 mort sur une plage de Turquie apr\u00e8s le naufrage de l\u2019embarcation qui devait faire passer sa famille en Gr\u00e8ce.<\/span><\/p>\n<p><span style=\"font-family: Trebuchet MS,Geneva;\">La diffusion de la photographie du corps de l\u2019enfant a-t-elle \u00e9t\u00e9 rationnellement pens\u00e9e par les m\u00e9dias comme un moyen de faire basculer l\u2019opinion publique en faveur d\u2019un accueil massif des \u00ab r\u00e9fugi\u00e9s \u00bb ? Le journal Le Monde, dans un article intitul\u00e9 <a href=\"http:\/\/makingof.blog.lemonde.fr\/2015\/09\/06\/pourquoi-nous-avons-publie-la-photo-du-petit-aylan\/\">\u00ab Pourquoi nous avons publi\u00e9 la photo du petit Aylan \u00bb<\/a>, explicite la gen\u00e8se du choix op\u00e9r\u00e9 par la r\u00e9daction et le but recherch\u00e9 en termes d\u2019influence de l\u2019opinion publique. La premi\u00e8re raison, comme souvent, tient d\u2019abord du conformisme des m\u00e9dias de masse :<\/span><\/p>\n<p><span style=\"font-family: Trebuchet MS,Geneva;\"><em>\u00ab C\u2019est en voyant en d\u00e9but de soir\u00e9e la \u201cune\u201d du journal britannique The Independent que Luc Bronner, directeur de la r\u00e9daction, est alert\u00e9 par l\u2019importance de cette photo. De nombreux journaux europ\u00e9ens reprennent cette image en \u201cune\u201d<div class=\"fusion-clearfix\"><\/div><\/div><\/div><div class=\"fusion-layout-column fusion_builder_column fusion-builder-column-1 fusion_builder_column_1_1 1_1 fusion-one-full fusion-column-first fusion-column-last fusion-column-no-min-height\" style=\"margin-top:0px;margin-bottom:0px;\"><div class=\"fusion-column-wrapper fusion-flex-column-wrapper-legacy\" style=\"background-position:left top;background-repeat:no-repeat;-webkit-background-size:cover;-moz-background-size:cover;-o-background-size:cover;background-size:cover;padding: 0px 0px 0px 0px;\">[\u2026] \u00bb<\/em><\/span><\/p>\n<p><span style=\"font-family: Trebuchet MS,Geneva;\">Cet extrait illustre parfaitement la r\u00e8gle de la circulation circulaire de l\u2019information \u00e0 l\u2019heure des m\u00e9dias de masse : si les autres m\u00e9dias choisissent de traiter ou de diffuser une information, cela valide r\u00e9trospectivement son importance et son statut informationnel. Par effet boule de neige, tous les m\u00e9dias s\u2019emparent donc du sujet.<\/span><\/p>\n<p><span style=\"font-family: Trebuchet MS,Geneva;\">La d\u00e9cision est donc prise dans les heures qui suivent par le journal Le Monde, de publier la photo. Cette publication poursuit \u00e9galement un but d\u2019influence de l\u2019opinion publique et constitue une \u00ab prise de position \u00bb. Publi\u00e9e en \u00ab Une \u00bb de l\u2019\u00e9dition du Vendredi 4 septembre, elle est accompagn\u00e9e d\u2019un \u00e9ditorial, qui engage l\u2019ensemble de la r\u00e9daction :<\/span><\/p>\n<p><span style=\"font-family: Trebuchet MS,Geneva;\">\u00ab <em>Cette photo, terrible, <strong>est en elle-m\u00eame une prise de position<\/strong>, <\/em>estime Luc Bronner, <em>et il fallait expliquer pourquoi nous la publions. \u00bb<\/em><\/span><\/p>\n<p><span style=\"font-family: Trebuchet MS,Geneva;\">La raison de cette publication est donn\u00e9e plus bas dans le m\u00eame article du Monde : il s\u2019agit d\u2019influencer les dirigeants politiques en pleine discussion sur le traitement \u00e0 apporter \u00e0 cette crise migratoire :<\/span><\/p>\n<p><span style=\"font-family: Trebuchet MS,Geneva;\"><em>\u00ab [\u2026] il est aussi apparu \u00e0 une partie de la r\u00e9daction que le moment est venu de regarder et de montrer en face la trag\u00e9die qui se joue \u00e0 nos fronti\u00e8res et que le moment est crucial, comme les discussions entre dirigeants europ\u00e9ens le montrent. Il s\u2019agissait de donner \u00e0 cette image une importance \u00e0 part. \u00bb<\/em><\/span><\/p>\n<p><span style=\"font-family: Trebuchet MS,Geneva;\">Dans un article dat\u00e9 du jeudi 3 septembre, le journal Lib\u00e9ration interroge le photojournaliste Alain Mingam, laur\u00e9at du World Press, sur l\u2019impact de cette photographie, sous le titre : <a href=\"http:\/\/www.liberation.fr\/societe\/2015\/09\/03\/cette-photo-ne-peut-qu-interpeller-notre-lachete_1374877\"><em>\u00ab Cette photo ne peut qu\u2019interpeller notre l\u00e2chet\u00e9 \u00bb<\/em><\/a><\/span><\/p>\n<p><span style=\"font-family: Trebuchet MS,Geneva;\">Le journal s\u2019interroge ainsi : \u00ab <em>Cette photo peut-elle faire basculer l\u2019opinion<\/em> ? \u00bb qui \u00e9tait jusqu\u2019\u00e0 pr\u00e9sent oppos\u00e9e \u00e0 l\u2019accueil massif de r\u00e9fugi\u00e9s, <em>et<\/em> Mingam de r\u00e9pondre :<\/span><\/p>\n<p><span style=\"font-family: Trebuchet MS,Geneva;\"><em>\u00ab Je l\u2019esp\u00e8re. Les images ont un poids n\u00e9cessaire pour agir sur l\u2019opinion, sur les gouvernements. \u00bb<\/em><\/span><\/p>\n<p><span style=\"font-family: Trebuchet MS,Geneva;\">A l\u2019origine de cette campagne, on trouve le journal britannique The Independent, qui le premier, publie la photo le jeudi 3 septembre en \u00ab Une \u00bb avec le titre :<\/span><\/p>\n<p><span style=\"font-family: Trebuchet MS,Geneva;\"><a href=\"http:\/\/www.independent.co.uk\/news\/world\/europe\/if-these-extraordinarily-powerful-images-of-a-dead-syrian-child-washed-up-on-a-beach-dont-change-europes-attitude-to-refugees-what-will-10482757.html\"><em>\u00ab Si cette photo d\u2019un enfant syrien mort balay\u00e9 par les vagues sur la plage ne change pas l\u2019attitude de l\u2019Europe \u00e0 l\u2019\u00e9gard des r\u00e9fugi\u00e9s, qu\u2019est-ce qui y parviendra ? \u00bb<\/em><\/a><\/span><\/p>\n<p><span style=\"font-family: Trebuchet MS,Geneva;\">Le vendredi 4 septembre, le journal belge Le Soir publie \u00e9galement la photographie avec un chapeau explicite : <a href=\"http:\/\/www.lesoir.be\/981034\/article\/debats\/2015-09-04\/aylan-mort-qu-on-ne-saurait-voir\"><em>\u00ab La photo r\u00e9voltante d\u2019Aylan, ce gar\u00e7onnet devenu cadavre sur une plage en Turquie, pourrait-elle faire changer l\u2019opinion publique sur la cause des migrants ? \u00bb<\/em><\/a><\/span><\/p>\n<p><span style=\"font-family: Trebuchet MS,Geneva;\">On le voit donc, la d\u00e9cision prise par les grands quotidiens europ\u00e9ens de publier la photo du petit Aylan r\u00e9pond \u00e0 un but assum\u00e9 explicitement d\u2019influencer l\u2019opinion publique en faveur de la \u00ab cause des migrants \u00bb. Il s\u2019agit ainsi d\u2019une campagne de communication \u00e0 l\u2019\u00e9chelle du continent qui illustre <a href=\"http:\/\/www.mondialisation.ca\/la-mise-en-place-dun-systeme-de-propagande-au-niveau-europeen\">la mise en place d\u2019un syst\u00e8me de propagande \u00e0 l\u2019\u00e9chelle europ\u00e9enne<\/a>.<\/span><\/p>\n<p><span style=\"font-family: Trebuchet MS,Geneva;\">Les r\u00e9sultats ne se font pas attendre, et en France, la cha\u00eene d\u2019information en continu <a href=\"http:\/\/www.bfmtv.com\/societe\/apres-aylan-kurdi-les-francais-plus-enclins-a-accueillir-les-migrants-913542.html\">BFMTV<\/a> publie dans les jours qui suivent un sondage qui t\u00e9moigne du retournement de l\u2019opinion publique : alors qu\u2019une semaine auparavant, seules 44% des personnes interrog\u00e9es se d\u00e9claraient favorables \u00e0 l\u2019accueil des \u00ab r\u00e9fugi\u00e9s syriens \u00bb, elles sont d\u00e9sormais 53% \u00e0 partager cette opinion. L\u2019institut de sondage explique que : <em>\u00ab Cette progression de 9 points en l\u2019espace d\u2019une semaine, rarement observ\u00e9e sur une aussi courte p\u00e9riode dans les enqu\u00eates d\u2019opinion, t\u00e9moigne de l\u2019\u00e9motion suscit\u00e9e par la photo d\u2019Aylan Kurdi et de son impact sur le d\u00e9bat public en France. \u00bb<\/em><\/span><\/p>\n<p><span style=\"font-family: Trebuchet MS,Geneva;\">Une s\u00e9rie de d\u00e9cisions politiques vont accompagner ce renversement de l\u2019opinion publique, dont l\u2019annonce de l\u2019accueil par la France de 24000 r\u00e9fugi\u00e9s par le pr\u00e9sident Fran\u00e7ois Hollande, le lundi 7 septembre.<\/span><\/p>\n<p><span style=\"font-family: Trebuchet MS,Geneva;\">Dans l\u2019\u00e9mission de la cha\u00eene It\u00e9l\u00e9 du vendredi 11 septembre, \u00ab <em>Ce Qu\u2019il Fallait D\u00e9crypter<\/em> \u00bb, le retournement de l\u2019opinion est \u00e9galement analys\u00e9 dans le basculement de l\u2019usage lexical du terme \u00ab migrants \u00bb sur les r\u00e9seaux sociaux en faveur du terme \u00ab r\u00e9fugi\u00e9 \u00bb, connot\u00e9 positivement.<\/span><\/p>\n<p><span style=\"font-family: Trebuchet MS,Geneva;\">Plus important, ce retournement de l\u2019opinion publique en faveur de la \u00ab cause des r\u00e9fugi\u00e9s \u00bb a d\u00e9bouch\u00e9 sur une r\u00e9activation de l\u2019option militaire des frappes a\u00e9riennes contre l\u2019Etat Islamique en Syrie par la Grande-Bretagne et la France.<\/span><\/p>\n<p><span style=\"font-family: Trebuchet MS,Geneva;\">Le lundi 7 septembre, le pr\u00e9sident Fran\u00e7ois Hollande annon\u00e7ait ainsi que l\u2019arm\u00e9e fran\u00e7aise allait <a href=\"http:\/\/www.france24.com\/fr\/20150907-direct-hollande-conference-presse-syrie-migrants-climat-fiscalite-oral-impots-chomage-live\">effectuer des vols de reconnaissance<\/a> dans l\u2019optique de mener des frappes a\u00e9riennes en Syrie.<\/span><\/p>\n<p><span style=\"font-family: Trebuchet MS,Geneva;\"><a href=\"http:\/\/www.bbc.com\/news\/uk-34155501\">Selon la BBC<\/a>, le gouvernement britannique envisagerait \u00e9galement de mener des op\u00e9rations de frappes a\u00e9riennes sur le mod\u00e8le de celles effectu\u00e9es par la coalition internationale en Irak.<\/span><\/p>\n<p><span style=\"font-family: Trebuchet MS,Geneva;\">Une campagne a\u00e9rienne contre l\u2019Etat Islamique en Syrie aurait pour premi\u00e8re cons\u00e9quence l\u2019instauration de fait d\u2019une \u00ab no fly zone \u00bb dans le pays, sur le mod\u00e8le de celle impos\u00e9e en Libye en 2011 et qui avait permis aux groupes arm\u00e9s soutenus par la coalition occidentale de renverser Mouammar Kadhafi en profitant de la couverture a\u00e9rienne occidentale.<\/span><\/p>\n<p><span style=\"font-family: Trebuchet MS,Geneva;\">Cette campagne, si elle voit effectivement le jour, sera probablement men\u00e9e sous commandement et supervision am\u00e9ricaine comme c\u2019est d\u00e9j\u00e0 le cas en Irak, malgr\u00e9 des r\u00e9sultats tr\u00e8s limit\u00e9s. Selon le journal en ligne <em><a href=\"http:\/\/www.moonofalabama.org\/2015\/09\/under-fight-against-isis-disguise-west-prepares-to-openly-attack-syria.html\">Moon of Alabama<\/a><\/em>, elle servirait de pr\u00e9texte, comme ce fut le cas en Libye, pour favoriser la progression des groupes rebelles soutenus par les pays de l\u2019OTAN et acc\u00e9l\u00e9rer la chute du gouvernement de Bachar-al-Assad. L\u2019id\u00e9e d\u2019une zone d\u2019exclusion a\u00e9rienne au-dessus de la Syrie n\u2019est en effet pas nouvelle et est r\u00e9clam\u00e9e depuis deux ans avec insistance par la Turquie, qui soutient par ailleurs les groupes djihadistes op\u00e9rant le long de sa fronti\u00e8re. <a href=\"http:\/\/frenchold.ws.irib.ir\/info\/moyen-orient\/item\/376450-zone-no-fly-en-syrie-us-turquie-d-accord\">Selon le journal turc Hurriyat<\/a>, les Etats-Unis et la Turquie seraient tomb\u00e9s d\u2019accord d\u00e8s juillet dernier pour l\u2019instauration d\u2019une zone d\u2019exclusion a\u00e9rienne le long de la fronti\u00e8re turco-syrienne, officiellement pour bombarder les positions de l\u2019Etat Islamique. Cependant, le r\u00e9gime autoritaire du premier ministre Erdogan a d\u2019ores et d\u00e9j\u00e0 profit\u00e9 de l\u2019accord trouv\u00e9 avec les Etats-Unis pour mener <a href=\"http:\/\/www.lemonde.fr\/europe\/article\/2015\/07\/29\/la-turquie-mene-de-nouveaux-raids-aeriens-contre-les-rebelles-kurdes_4703398_3214.html\">plusieurs s\u00e9ries de raids a\u00e9riens<\/a> contre les combattants kurdes qui sont pourtant la principale force luttant contre l\u2019Etat Islamique sur le terrain. Depuis juillet, l\u2019offensive de l\u2019arm\u00e9e turque aurait ainsi fait <a href=\"http:\/\/geopolis.francetvinfo.fr\/turquie-erdogan-a-repris-la-guerre-contre-les-kurdes-du-pkk-79087\">plus de 2000 morts<\/a> parmi les combattants kurdes.<\/span><\/p>\n<p><span style=\"font-family: Trebuchet MS,Geneva;\">L\u2019instrumentalisation de la mort du petit Aylan servirait ainsi le jeu trouble de la coalition occidentale op\u00e9rant en Irak et souhaitant \u00e9largir son action militaire en Syrie pour en finir avec Assad, officiellement dans le but de lutter contre l\u2019Etat Islamique qu\u2019elle a pourtant <a href=\"http:\/\/www.contrainjerencia.com\/?p=101175\">largement contribu\u00e9 \u00e0 former<\/a>. La crise des \u00ab r\u00e9fugi\u00e9s \u00bb, dont la majeure partie r\u00e9sidait d\u2019ailleurs en Turquie, et la mobilisation des opinions publiques, seraient ainsi utilis\u00e9es comme pr\u00e9texte \u00e0 une escalade militaire du conflit en Syrie, dont l\u2019objectif g\u00e9opolitique est le renversement de Bachar-al-Assad et la balkanisation du pays.<\/span><\/p>\n<p><span style=\"font-family: Trebuchet MS,Geneva;\">Guillaume Borel | 12 septembre 2015<\/span><\/p>\n<p><span style=\"font-family: Trebuchet MS,Geneva;\">Source Les Moutons enrag\u00e9s<\/span><\/p>\n<p><span style=\"font-family: Trebuchet MS,Geneva;\">C&rsquo;est \u00e0 Nilufer Demir, une photographe de 29 ans, que l&rsquo;on doit la s\u00e9rie de photos d&rsquo;Aylan Kurdi qui a <a href=\"http:\/\/www.ozap.com\/actu\/migrants-la-photo-choc-qui-fait-la-une-partout-dans-le-monde-sauf-en-france\/476555\">fait le tour du monde<\/a>. La photo montre le corps d&rsquo;un enfant syrien de 3 ans mort noy\u00e9 avec son fr\u00e8re et sa maman suite au naufrage du bateau avec lequel cette famille tentait de rejoindre clandestinement l&rsquo;Europe.<\/span><\/p>\n<p><span style=\"font-family: Trebuchet MS,Geneva;\">T\u00e9moignage de la photographe Nilufer Demir.<\/span><\/p>\n<h4><span style=\"font-family: Trebuchet MS,Geneva;\">\u00ab\u00a0Je me suis dit que je pouvais t\u00e9moigner du drame que vivent ces gens\u00a0\u00bb<\/span><\/h4>\n<p><span style=\"font-family: Trebuchet MS,Geneva;\">La photographe travaille pour l&rsquo;agence turque DHA, qui a propos\u00e9 ensuite la s\u00e9rie de clich\u00e9s aux grandes agences internationales (AFP, Reuters et Associated Press). Dans une <a href=\"http:\/\/abonnes.lemonde.fr\/arts\/article\/2015\/09\/03\/nilufer-demir-photographe-le-monde-attendait-une-image-qui-fasse-bouger-les-choses_4745176_1655012.html\">interview au <em>Monde<\/em><\/a>, Nilufer Demir confie avoir \u00e9t\u00e9 \u00ab\u00a0<em>tr\u00e8s choqu\u00e9e<\/em>\u00a0\u00bb en d\u00e9couvrant le petit corps sur la plage de Bodrum. \u00ab\u00a0<em>La plage de Ali Hoca Burnu est une plage \u00e0 l&rsquo;\u00e9cart de Bodrum. C&rsquo;est un endroit d&rsquo;o\u00f9 partent souvent les migrants, donc avec d&rsquo;autres photographes, on y va chacun son tour pour voir ce qui se passe. Hier, c&rsquo;\u00e9tait mon tour&#8230; Quand je suis arriv\u00e9e le matin, vers 6 ou 7 heures, il y avait un groupe de Pakistanais. Je les ai rejoints et nous avons aper\u00e7u, un peu plus loin, quelque chose \u00e9chou\u00e9 sur la plage. En nous approchant, nous avons vu que c&rsquo;\u00e9tait le corps d&rsquo;un enfant<\/em>\u00ab\u00a0, raconte-t-elle.<\/span><\/p>\n<p><span style=\"font-family: Trebuchet MS,Geneva;\">La jeune femme explique avoir h\u00e9sit\u00e9 quelques minutes avant d&rsquo;appuyer sur son appareil. \u00ab\u00a0<em>Je me suis dit que je pouvais t\u00e9moigner du drame que vivent ces gens. Il fallait que je prenne cette photo. <\/em>(&#8230;) <em>Et aujourd&rsquo;hui, j&rsquo;ai un m\u00e9lange de tristesse et de satisfaction&#8230; Je suis contente d&rsquo;avoir pu montrer cette image \u00e0 autant de gens, d&rsquo;avoir t\u00e9moign\u00e9, mais d&rsquo;un autre c\u00f4t\u00e9, je pr\u00e9f\u00e9rerais que ce petit gar\u00e7on soit encore en vie et que cette image ne fasse pas le tour du monde<\/em>\u00ab\u00a0, d\u00e9clare-t-elle en reconnaissant ne pas avoir r\u00e9alis\u00e9 sur le moment quel serait le retentissement de cette s\u00e9rie de clich\u00e9s, surtout qu&rsquo;elle avait d\u00e9j\u00e0 pris plusieurs p<\/span>hotos de migrants morts sur les plages de son pays.<\/p>\n<\/div>\n<\/div>\n<\/div>\n<div class=\"fusion-clearfix\"><\/div><\/div><\/div><\/div><style type=\"text\/css\">.fusion-fullwidth.fusion-builder-row-1 { overflow:visible; }<\/style><\/div>\n","protected":false},"excerpt":{"rendered":"<p>\u00a0<\/p>\n","protected":false},"author":1,"featured_media":512,"comment_status":"open","ping_status":"open","sticky":false,"template":"","format":"standard","meta":{"_uag_custom_page_level_css":"","footnotes":""},"categories":[1316],"tags":[16,15,14],"class_list":["post-4","post","type-post","status-publish","format-standard","has-post-thumbnail","hentry","category-regard-societe","tag-h","tag-n","tag-r"],"yoast_head":"<!-- This site is optimized with the Yoast SEO Premium plugin v26.4 (Yoast SEO v26.4) - https:\/\/yoast.com\/wordpress\/plugins\/seo\/ -->\n<title>Photo de presse : information ou communication ?<\/title>\n<meta name=\"description\" content=\"\u00a0\" \/>\n<meta name=\"robots\" content=\"index, follow, max-snippet:-1, max-image-preview:large, max-video-preview:-1\" \/>\n<link rel=\"canonical\" href=\"https:\/\/www.lebeaukal.fr\/blog\/2015-09-photo-de-presse-information-ou-communication\/\" \/>\n<meta property=\"og:locale\" content=\"fr_FR\" \/>\n<meta property=\"og:type\" content=\"article\" \/>\n<meta property=\"og:title\" content=\"Photo de presse : information ou communication ?\" \/>\n<meta property=\"og:description\" content=\"\u00a0\" \/>\n<meta property=\"og:url\" content=\"https:\/\/www.lebeaukal.fr\/blog\/2015-09-photo-de-presse-information-ou-communication\/\" \/>\n<meta property=\"og:site_name\" content=\"Les Bulles du BeauKal\" \/>\n<meta property=\"article:publisher\" content=\"https:\/\/www.facebook.com\/beaukalexperience\/\" \/>\n<meta property=\"article:published_time\" content=\"2015-09-12T20:51:34+00:00\" \/>\n<meta property=\"article:modified_time\" content=\"2025-05-19T18:23:03+00:00\" \/>\n<meta property=\"og:image\" content=\"https:\/\/www.lebeaukal.fr\/blog\/wp-content\/uploads\/2015\/09\/aylan-480x279.jpg\" \/>\n\t<meta property=\"og:image:width\" content=\"480\" \/>\n\t<meta property=\"og:image:height\" content=\"279\" \/>\n\t<meta property=\"og:image:type\" content=\"image\/jpeg\" \/>\n<meta name=\"author\" content=\"ChristianBK\" \/>\n<meta name=\"twitter:card\" content=\"summary_large_image\" \/>\n<meta name=\"twitter:creator\" content=\"@LeBeaukal\" \/>\n<meta name=\"twitter:site\" content=\"@LeBeaukal\" \/>\n<meta name=\"twitter:label1\" content=\"\u00c9crit par\" \/>\n\t<meta name=\"twitter:data1\" content=\"ChristianBK\" \/>\n\t<meta name=\"twitter:label2\" content=\"Dur\u00e9e de lecture estim\u00e9e\" \/>\n\t<meta name=\"twitter:data2\" content=\"10 minutes\" \/>\n<script type=\"application\/ld+json\" class=\"yoast-schema-graph\">{\"@context\":\"https:\/\/schema.org\",\"@graph\":[{\"@type\":\"Article\",\"@id\":\"https:\/\/www.lebeaukal.fr\/blog\/2015-09-photo-de-presse-information-ou-communication\/#article\",\"isPartOf\":{\"@id\":\"https:\/\/www.lebeaukal.fr\/blog\/2015-09-photo-de-presse-information-ou-communication\/\"},\"author\":{\"name\":\"ChristianBK\",\"@id\":\"https:\/\/www.lebeaukal.fr\/blog\/#\/schema\/person\/98c131ff4c5a3ec8104e930794adf33f\"},\"headline\":\"Photo de presse : information ou communication ?\",\"datePublished\":\"2015-09-12T20:51:34+00:00\",\"dateModified\":\"2025-05-19T18:23:03+00:00\",\"mainEntityOfPage\":{\"@id\":\"https:\/\/www.lebeaukal.fr\/blog\/2015-09-photo-de-presse-information-ou-communication\/\"},\"wordCount\":1949,\"commentCount\":0,\"publisher\":{\"@id\":\"https:\/\/www.lebeaukal.fr\/blog\/#organization\"},\"image\":{\"@id\":\"https:\/\/www.lebeaukal.fr\/blog\/2015-09-photo-de-presse-information-ou-communication\/#primaryimage\"},\"thumbnailUrl\":\"https:\/\/www.lebeaukal.fr\/blog\/wp-content\/uploads\/2015\/09\/aylan-480x279.jpg\",\"keywords\":[\"histoire photo c\u00e9l\u00e8bres\",\"News\",\"Reportage photo\"],\"articleSection\":[\"6. Regard sur la soci\u00e9t\u00e9\"],\"inLanguage\":\"fr-FR\",\"potentialAction\":[{\"@type\":\"CommentAction\",\"name\":\"Comment\",\"target\":[\"https:\/\/www.lebeaukal.fr\/blog\/2015-09-photo-de-presse-information-ou-communication\/#respond\"]}]},{\"@type\":\"WebPage\",\"@id\":\"https:\/\/www.lebeaukal.fr\/blog\/2015-09-photo-de-presse-information-ou-communication\/\",\"url\":\"https:\/\/www.lebeaukal.fr\/blog\/2015-09-photo-de-presse-information-ou-communication\/\",\"name\":\"Photo de presse : information ou communication ?\",\"isPartOf\":{\"@id\":\"https:\/\/www.lebeaukal.fr\/blog\/#website\"},\"primaryImageOfPage\":{\"@id\":\"https:\/\/www.lebeaukal.fr\/blog\/2015-09-photo-de-presse-information-ou-communication\/#primaryimage\"},\"image\":{\"@id\":\"https:\/\/www.lebeaukal.fr\/blog\/2015-09-photo-de-presse-information-ou-communication\/#primaryimage\"},\"thumbnailUrl\":\"https:\/\/www.lebeaukal.fr\/blog\/wp-content\/uploads\/2015\/09\/aylan-480x279.jpg\",\"datePublished\":\"2015-09-12T20:51:34+00:00\",\"dateModified\":\"2025-05-19T18:23:03+00:00\",\"description\":\"\u00a0\",\"breadcrumb\":{\"@id\":\"https:\/\/www.lebeaukal.fr\/blog\/2015-09-photo-de-presse-information-ou-communication\/#breadcrumb\"},\"inLanguage\":\"fr-FR\",\"potentialAction\":[{\"@type\":\"ReadAction\",\"target\":[\"https:\/\/www.lebeaukal.fr\/blog\/2015-09-photo-de-presse-information-ou-communication\/\"]}]},{\"@type\":\"ImageObject\",\"inLanguage\":\"fr-FR\",\"@id\":\"https:\/\/www.lebeaukal.fr\/blog\/2015-09-photo-de-presse-information-ou-communication\/#primaryimage\",\"url\":\"https:\/\/www.lebeaukal.fr\/blog\/wp-content\/uploads\/2015\/09\/aylan-480x279.jpg\",\"contentUrl\":\"https:\/\/www.lebeaukal.fr\/blog\/wp-content\/uploads\/2015\/09\/aylan-480x279.jpg\",\"width\":480,\"height\":279,\"caption\":\"\u00a9Nilufer Demir la photo d\u2019Aylan Kurdi\"},{\"@type\":\"BreadcrumbList\",\"@id\":\"https:\/\/www.lebeaukal.fr\/blog\/2015-09-photo-de-presse-information-ou-communication\/#breadcrumb\",\"itemListElement\":[{\"@type\":\"ListItem\",\"position\":1,\"name\":\"Accueil\",\"item\":\"https:\/\/www.lebeaukal.fr\/blog\/\"},{\"@type\":\"ListItem\",\"position\":2,\"name\":\"Photo de presse : information ou communication ?\"}]},{\"@type\":\"WebSite\",\"@id\":\"https:\/\/www.lebeaukal.fr\/blog\/#website\",\"url\":\"https:\/\/www.lebeaukal.fr\/blog\/\",\"name\":\"Les Bulles du BeauKal\",\"description\":\"Le blog du studio photo Le BeauKal et informations sur la photo\",\"publisher\":{\"@id\":\"https:\/\/www.lebeaukal.fr\/blog\/#organization\"},\"potentialAction\":[{\"@type\":\"SearchAction\",\"target\":{\"@type\":\"EntryPoint\",\"urlTemplate\":\"https:\/\/www.lebeaukal.fr\/blog\/?s={search_term_string}\"},\"query-input\":{\"@type\":\"PropertyValueSpecification\",\"valueRequired\":true,\"valueName\":\"search_term_string\"}}],\"inLanguage\":\"fr-FR\"},{\"@type\":\"Organization\",\"@id\":\"https:\/\/www.lebeaukal.fr\/blog\/#organization\",\"name\":\"Le BeauKal\",\"url\":\"https:\/\/www.lebeaukal.fr\/blog\/\",\"logo\":{\"@type\":\"ImageObject\",\"inLanguage\":\"fr-FR\",\"@id\":\"https:\/\/www.lebeaukal.fr\/blog\/#\/schema\/logo\/image\/\",\"url\":\"https:\/\/www.lebeaukal.fr\/blog\/wp-content\/uploads\/2017\/01\/LOGOBK2.jpg\",\"contentUrl\":\"https:\/\/www.lebeaukal.fr\/blog\/wp-content\/uploads\/2017\/01\/LOGOBK2.jpg\",\"width\":500,\"height\":500,\"caption\":\"Le BeauKal\"},\"image\":{\"@id\":\"https:\/\/www.lebeaukal.fr\/blog\/#\/schema\/logo\/image\/\"},\"sameAs\":[\"https:\/\/www.facebook.com\/beaukalexperience\/\",\"https:\/\/x.com\/LeBeaukal\",\"https:\/\/www.instagram.com\/photographemontorgueil\/\",\"https:\/\/www.linkedin.com\/in\/christiandebrossesphotographe\/\"]},{\"@type\":\"Person\",\"@id\":\"https:\/\/www.lebeaukal.fr\/blog\/#\/schema\/person\/98c131ff4c5a3ec8104e930794adf33f\",\"name\":\"ChristianBK\",\"image\":{\"@type\":\"ImageObject\",\"inLanguage\":\"fr-FR\",\"@id\":\"https:\/\/www.lebeaukal.fr\/blog\/#\/schema\/person\/image\/\",\"url\":\"https:\/\/secure.gravatar.com\/avatar\/c363618de0d3e7978149ed892cf0466777ea09234acdd07bafe30ab1a90d7e55?s=96&d=mm&r=g\",\"contentUrl\":\"https:\/\/secure.gravatar.com\/avatar\/c363618de0d3e7978149ed892cf0466777ea09234acdd07bafe30ab1a90d7e55?s=96&d=mm&r=g\",\"caption\":\"ChristianBK\"}}]}<\/script>\n<!-- \/ Yoast SEO Premium plugin. -->","yoast_head_json":{"title":"Photo de presse : information ou communication ?","description":"\u00a0","robots":{"index":"index","follow":"follow","max-snippet":"max-snippet:-1","max-image-preview":"max-image-preview:large","max-video-preview":"max-video-preview:-1"},"canonical":"https:\/\/www.lebeaukal.fr\/blog\/2015-09-photo-de-presse-information-ou-communication\/","og_locale":"fr_FR","og_type":"article","og_title":"Photo de presse : information ou communication ?","og_description":"\u00a0","og_url":"https:\/\/www.lebeaukal.fr\/blog\/2015-09-photo-de-presse-information-ou-communication\/","og_site_name":"Les Bulles du BeauKal","article_publisher":"https:\/\/www.facebook.com\/beaukalexperience\/","article_published_time":"2015-09-12T20:51:34+00:00","article_modified_time":"2025-05-19T18:23:03+00:00","og_image":[{"width":480,"height":279,"url":"https:\/\/www.lebeaukal.fr\/blog\/wp-content\/uploads\/2015\/09\/aylan-480x279.jpg","type":"image\/jpeg"}],"author":"ChristianBK","twitter_card":"summary_large_image","twitter_creator":"@LeBeaukal","twitter_site":"@LeBeaukal","twitter_misc":{"\u00c9crit par":"ChristianBK","Dur\u00e9e de lecture estim\u00e9e":"10 minutes"},"schema":{"@context":"https:\/\/schema.org","@graph":[{"@type":"Article","@id":"https:\/\/www.lebeaukal.fr\/blog\/2015-09-photo-de-presse-information-ou-communication\/#article","isPartOf":{"@id":"https:\/\/www.lebeaukal.fr\/blog\/2015-09-photo-de-presse-information-ou-communication\/"},"author":{"name":"ChristianBK","@id":"https:\/\/www.lebeaukal.fr\/blog\/#\/schema\/person\/98c131ff4c5a3ec8104e930794adf33f"},"headline":"Photo de presse : information ou communication ?","datePublished":"2015-09-12T20:51:34+00:00","dateModified":"2025-05-19T18:23:03+00:00","mainEntityOfPage":{"@id":"https:\/\/www.lebeaukal.fr\/blog\/2015-09-photo-de-presse-information-ou-communication\/"},"wordCount":1949,"commentCount":0,"publisher":{"@id":"https:\/\/www.lebeaukal.fr\/blog\/#organization"},"image":{"@id":"https:\/\/www.lebeaukal.fr\/blog\/2015-09-photo-de-presse-information-ou-communication\/#primaryimage"},"thumbnailUrl":"https:\/\/www.lebeaukal.fr\/blog\/wp-content\/uploads\/2015\/09\/aylan-480x279.jpg","keywords":["histoire photo c\u00e9l\u00e8bres","News","Reportage photo"],"articleSection":["6. Regard sur la soci\u00e9t\u00e9"],"inLanguage":"fr-FR","potentialAction":[{"@type":"CommentAction","name":"Comment","target":["https:\/\/www.lebeaukal.fr\/blog\/2015-09-photo-de-presse-information-ou-communication\/#respond"]}]},{"@type":"WebPage","@id":"https:\/\/www.lebeaukal.fr\/blog\/2015-09-photo-de-presse-information-ou-communication\/","url":"https:\/\/www.lebeaukal.fr\/blog\/2015-09-photo-de-presse-information-ou-communication\/","name":"Photo de presse : information ou communication ?","isPartOf":{"@id":"https:\/\/www.lebeaukal.fr\/blog\/#website"},"primaryImageOfPage":{"@id":"https:\/\/www.lebeaukal.fr\/blog\/2015-09-photo-de-presse-information-ou-communication\/#primaryimage"},"image":{"@id":"https:\/\/www.lebeaukal.fr\/blog\/2015-09-photo-de-presse-information-ou-communication\/#primaryimage"},"thumbnailUrl":"https:\/\/www.lebeaukal.fr\/blog\/wp-content\/uploads\/2015\/09\/aylan-480x279.jpg","datePublished":"2015-09-12T20:51:34+00:00","dateModified":"2025-05-19T18:23:03+00:00","description":"\u00a0","breadcrumb":{"@id":"https:\/\/www.lebeaukal.fr\/blog\/2015-09-photo-de-presse-information-ou-communication\/#breadcrumb"},"inLanguage":"fr-FR","potentialAction":[{"@type":"ReadAction","target":["https:\/\/www.lebeaukal.fr\/blog\/2015-09-photo-de-presse-information-ou-communication\/"]}]},{"@type":"ImageObject","inLanguage":"fr-FR","@id":"https:\/\/www.lebeaukal.fr\/blog\/2015-09-photo-de-presse-information-ou-communication\/#primaryimage","url":"https:\/\/www.lebeaukal.fr\/blog\/wp-content\/uploads\/2015\/09\/aylan-480x279.jpg","contentUrl":"https:\/\/www.lebeaukal.fr\/blog\/wp-content\/uploads\/2015\/09\/aylan-480x279.jpg","width":480,"height":279,"caption":"\u00a9Nilufer Demir la photo d\u2019Aylan Kurdi"},{"@type":"BreadcrumbList","@id":"https:\/\/www.lebeaukal.fr\/blog\/2015-09-photo-de-presse-information-ou-communication\/#breadcrumb","itemListElement":[{"@type":"ListItem","position":1,"name":"Accueil","item":"https:\/\/www.lebeaukal.fr\/blog\/"},{"@type":"ListItem","position":2,"name":"Photo de presse : information ou communication ?"}]},{"@type":"WebSite","@id":"https:\/\/www.lebeaukal.fr\/blog\/#website","url":"https:\/\/www.lebeaukal.fr\/blog\/","name":"Les Bulles du BeauKal","description":"Le blog du studio photo Le BeauKal et informations sur la photo","publisher":{"@id":"https:\/\/www.lebeaukal.fr\/blog\/#organization"},"potentialAction":[{"@type":"SearchAction","target":{"@type":"EntryPoint","urlTemplate":"https:\/\/www.lebeaukal.fr\/blog\/?s={search_term_string}"},"query-input":{"@type":"PropertyValueSpecification","valueRequired":true,"valueName":"search_term_string"}}],"inLanguage":"fr-FR"},{"@type":"Organization","@id":"https:\/\/www.lebeaukal.fr\/blog\/#organization","name":"Le BeauKal","url":"https:\/\/www.lebeaukal.fr\/blog\/","logo":{"@type":"ImageObject","inLanguage":"fr-FR","@id":"https:\/\/www.lebeaukal.fr\/blog\/#\/schema\/logo\/image\/","url":"https:\/\/www.lebeaukal.fr\/blog\/wp-content\/uploads\/2017\/01\/LOGOBK2.jpg","contentUrl":"https:\/\/www.lebeaukal.fr\/blog\/wp-content\/uploads\/2017\/01\/LOGOBK2.jpg","width":500,"height":500,"caption":"Le BeauKal"},"image":{"@id":"https:\/\/www.lebeaukal.fr\/blog\/#\/schema\/logo\/image\/"},"sameAs":["https:\/\/www.facebook.com\/beaukalexperience\/","https:\/\/x.com\/LeBeaukal","https:\/\/www.instagram.com\/photographemontorgueil\/","https:\/\/www.linkedin.com\/in\/christiandebrossesphotographe\/"]},{"@type":"Person","@id":"https:\/\/www.lebeaukal.fr\/blog\/#\/schema\/person\/98c131ff4c5a3ec8104e930794adf33f","name":"ChristianBK","image":{"@type":"ImageObject","inLanguage":"fr-FR","@id":"https:\/\/www.lebeaukal.fr\/blog\/#\/schema\/person\/image\/","url":"https:\/\/secure.gravatar.com\/avatar\/c363618de0d3e7978149ed892cf0466777ea09234acdd07bafe30ab1a90d7e55?s=96&d=mm&r=g","contentUrl":"https:\/\/secure.gravatar.com\/avatar\/c363618de0d3e7978149ed892cf0466777ea09234acdd07bafe30ab1a90d7e55?s=96&d=mm&r=g","caption":"ChristianBK"}}]}},"uagb_featured_image_src":{"full":["https:\/\/www.lebeaukal.fr\/blog\/wp-content\/uploads\/2015\/09\/aylan-480x279.jpg",480,279,false],"thumbnail":["https:\/\/www.lebeaukal.fr\/blog\/wp-content\/uploads\/2015\/09\/aylan-480x279-150x150.jpg",150,150,true],"medium":["https:\/\/www.lebeaukal.fr\/blog\/wp-content\/uploads\/2015\/09\/aylan-480x279-300x174.jpg",300,174,true],"medium_large":["https:\/\/www.lebeaukal.fr\/blog\/wp-content\/uploads\/2015\/09\/aylan-480x279.jpg",480,279,false],"large":["https:\/\/www.lebeaukal.fr\/blog\/wp-content\/uploads\/2015\/09\/aylan-480x279.jpg",480,279,false],"slgf_12_thumb":["https:\/\/www.lebeaukal.fr\/blog\/wp-content\/uploads\/2015\/09\/aylan-480x279.jpg",480,279,false],"slgf_346_thumb":["https:\/\/www.lebeaukal.fr\/blog\/wp-content\/uploads\/2015\/09\/aylan-480x279-400x279.jpg",400,279,true],"slgf_12_same_size_thumb":["https:\/\/www.lebeaukal.fr\/blog\/wp-content\/uploads\/2015\/09\/aylan-480x279.jpg",480,279,false],"slgf_346_same_size_thumb":["https:\/\/www.lebeaukal.fr\/blog\/wp-content\/uploads\/2015\/09\/aylan-480x279-400x279.jpg",400,279,true],"rpg_gallery_admin_thumb":["https:\/\/www.lebeaukal.fr\/blog\/wp-content\/uploads\/2015\/09\/aylan-480x279-150x150.jpg",150,150,true],"rpg_gallery_thumb":["https:\/\/www.lebeaukal.fr\/blog\/wp-content\/uploads\/2015\/09\/aylan-480x279-150x150.jpg",150,150,true],"1536x1536":["https:\/\/www.lebeaukal.fr\/blog\/wp-content\/uploads\/2015\/09\/aylan-480x279.jpg",480,279,false],"2048x2048":["https:\/\/www.lebeaukal.fr\/blog\/wp-content\/uploads\/2015\/09\/aylan-480x279.jpg",480,279,false],"blog-large":["https:\/\/www.lebeaukal.fr\/blog\/wp-content\/uploads\/2015\/09\/aylan-480x279-480x272.jpg",480,272,true],"blog-medium":["https:\/\/www.lebeaukal.fr\/blog\/wp-content\/uploads\/2015\/09\/aylan-480x279-320x202.jpg",320,202,true],"recent-posts":["https:\/\/www.lebeaukal.fr\/blog\/wp-content\/uploads\/2015\/09\/aylan-480x279.jpg",480,279,false],"recent-works-thumbnail":["https:\/\/www.lebeaukal.fr\/blog\/wp-content\/uploads\/2015\/09\/aylan-480x279-66x66.jpg",66,66,true],"fusion-200":["https:\/\/www.lebeaukal.fr\/blog\/wp-content\/uploads\/2015\/09\/aylan-480x279-200x116.jpg",200,116,true],"fusion-400":["https:\/\/www.lebeaukal.fr\/blog\/wp-content\/uploads\/2015\/09\/aylan-480x279-400x233.jpg",400,233,true],"fusion-600":["https:\/\/www.lebeaukal.fr\/blog\/wp-content\/uploads\/2015\/09\/aylan-480x279.jpg",480,279,false],"fusion-800":["https:\/\/www.lebeaukal.fr\/blog\/wp-content\/uploads\/2015\/09\/aylan-480x279.jpg",480,279,false],"fusion-1200":["https:\/\/www.lebeaukal.fr\/blog\/wp-content\/uploads\/2015\/09\/aylan-480x279.jpg",480,279,false],"portfolio-full":["https:\/\/www.lebeaukal.fr\/blog\/wp-content\/uploads\/2015\/09\/aylan-480x279.jpg",480,279,false],"portfolio-one":["https:\/\/www.lebeaukal.fr\/blog\/wp-content\/uploads\/2015\/09\/aylan-480x279-480x272.jpg",480,272,true],"portfolio-two":["https:\/\/www.lebeaukal.fr\/blog\/wp-content\/uploads\/2015\/09\/aylan-480x279-460x279.jpg",460,279,true],"portfolio-three":["https:\/\/www.lebeaukal.fr\/blog\/wp-content\/uploads\/2015\/09\/aylan-480x279-300x214.jpg",300,214,true],"portfolio-five":["https:\/\/www.lebeaukal.fr\/blog\/wp-content\/uploads\/2015\/09\/aylan-480x279-177x142.jpg",177,142,true]},"uagb_author_info":{"display_name":"ChristianBK","author_link":"https:\/\/www.lebeaukal.fr\/blog\/author\/christianbk\/"},"uagb_comment_info":0,"uagb_excerpt":"\u00a0","_links":{"self":[{"href":"https:\/\/www.lebeaukal.fr\/blog\/wp-json\/wp\/v2\/posts\/4","targetHints":{"allow":["GET"]}}],"collection":[{"href":"https:\/\/www.lebeaukal.fr\/blog\/wp-json\/wp\/v2\/posts"}],"about":[{"href":"https:\/\/www.lebeaukal.fr\/blog\/wp-json\/wp\/v2\/types\/post"}],"author":[{"embeddable":true,"href":"https:\/\/www.lebeaukal.fr\/blog\/wp-json\/wp\/v2\/users\/1"}],"replies":[{"embeddable":true,"href":"https:\/\/www.lebeaukal.fr\/blog\/wp-json\/wp\/v2\/comments?post=4"}],"version-history":[{"count":6,"href":"https:\/\/www.lebeaukal.fr\/blog\/wp-json\/wp\/v2\/posts\/4\/revisions"}],"predecessor-version":[{"id":1351,"href":"https:\/\/www.lebeaukal.fr\/blog\/wp-json\/wp\/v2\/posts\/4\/revisions\/1351"}],"wp:featuredmedia":[{"embeddable":true,"href":"https:\/\/www.lebeaukal.fr\/blog\/wp-json\/wp\/v2\/media\/512"}],"wp:attachment":[{"href":"https:\/\/www.lebeaukal.fr\/blog\/wp-json\/wp\/v2\/media?parent=4"}],"wp:term":[{"taxonomy":"category","embeddable":true,"href":"https:\/\/www.lebeaukal.fr\/blog\/wp-json\/wp\/v2\/categories?post=4"},{"taxonomy":"post_tag","embeddable":true,"href":"https:\/\/www.lebeaukal.fr\/blog\/wp-json\/wp\/v2\/tags?post=4"}],"curies":[{"name":"wp","href":"https:\/\/api.w.org\/{rel}","templated":true}]}}