{"id":1986,"date":"2025-05-19T11:30:59","date_gmt":"2025-05-19T09:30:59","guid":{"rendered":"https:\/\/www.lebeaukal.fr\/blog\/?p=1986"},"modified":"2025-05-20T11:27:13","modified_gmt":"2025-05-20T09:27:13","slug":"photoshop-ia-et-lemotion-dans-tout-ca","status":"publish","type":"post","link":"https:\/\/www.lebeaukal.fr\/blog\/photoshop-ia-et-lemotion-dans-tout-ca\/","title":{"rendered":"Photoshop, IA&#8230; et l\u2019\u00e9motion dans tout \u00e7a ?"},"content":{"rendered":"<p class=\"\" data-start=\"211\" data-end=\"625\">Il m&rsquo;arrive de plus en plus souvent, lorsque je partage une cr\u00e9ation, une photo, un texte, une image, un fragment d\u2019inspiration, d&rsquo;entendre cette question, devenue presque automatique :<\/p>\n<p class=\"\" style=\"text-align: center;\" data-start=\"211\" data-end=\"625\"><span style=\"font-size: 36pt;\"><strong>\u00ab Tu l\u2019as fait avec l\u2019IA ? \u00bb<\/strong><\/span><\/p>\n<p data-start=\"211\" data-end=\"625\"><a href=\"https:\/\/www.lebeaukal.fr\/blog\/wp-content\/uploads\/2025\/05\/Ia-emotions-web.png\"><img decoding=\"async\" class=\"aligncenter wp-image-1991\" title=\"IA et \u00e9motions\" src=\"https:\/\/www.lebeaukal.fr\/blog\/wp-content\/uploads\/2025\/05\/Ia-emotions-web-1024x700.png\" alt=\"IA et \u00e9motions\" width=\"900\" height=\"600\" \/><\/a><\/p>\n<p class=\"\" data-start=\"211\" data-end=\"625\"><br data-start=\"427\" data-end=\"430\" \/>Ou, autrefois d\u00e9j\u00e0, \u00e0 propos de mes photos : <strong>\u00ab Tu l\u2019as retouch\u00e9e avec Photoshop ? \u00bb<\/strong> Comme si le seul vrai sujet n\u2019\u00e9tait plus ce que l\u2019on voit, ce que l\u2019on ressent, mais avec quoi cela a \u00e9t\u00e9 fait.<\/p>\n<p class=\"\" data-start=\"627\" data-end=\"1058\">Je ne prends pas ces questions mal. Elles sont le reflet de notre \u00e9poque, travers\u00e9e par des mutations fulgurantes, o\u00f9 la fronti\u00e8re entre l&rsquo;humain et l&rsquo;outil devient de plus en plus floue. Mais je ne peux m&#8217;emp\u00eacher de remarquer que ces r\u00e9actions viennent souvent de personnes peu engag\u00e9es dans une d\u00e9marche cr\u00e9ative. Comme si le doute, la suspicion ou m\u00eame la g\u00eane prenaient le pas sur l\u2019envie d\u2019entrer en r\u00e9sonance avec une \u0153uvre.<\/p>\n<p class=\"\" data-start=\"1060\" data-end=\"1737\">Pourtant, ce que je cherche \u00e0 transmettre, ce n\u2019est pas la prouesse technique, ni le degr\u00e9 d\u2019intervention d\u2019un logiciel ou d\u2019une machine. C\u2019est une \u00e9motion, une atmosph\u00e8re, un instant fig\u00e9 dans le temps. C\u2019est aussi une vibration, une fr\u00e9quence int\u00e9rieure, un souffle d\u2019\u00e2me. \u00c0 travers mes photographies comme \u00e0 travers les textes que j\u2019\u00e9cris sur l\u2019\u00e9nerg\u00e9tique, les \u00e9tats d\u2019\u00e2me, le soin par <a href=\"https:\/\/www.uriskconsult.fr\/les-fleurs-de-bach-pour-ses-emotions\/\">les Fleurs de Bach<\/a> ou les \u00e9lans de l\u2019\u00e2me en qu\u00eate d\u2019\u00e9quilibre, je tends un fil vers l\u2019autre. Que j\u2019aie utilis\u00e9 un pinceau, un objectif, une plume ou un outil num\u00e9rique, cela devrait rester secondaire face \u00e0 ce que l\u2019\u0153uvre provoque, \u00e9voque, ou suscite chez celui qui la regarde ou la lit.<\/p>\n<p class=\"\" data-start=\"1739\" data-end=\"2023\">Je suis t\u00e9moin d\u2019un monde qui change. Et plut\u00f4t que de le regretter, je choisis d\u2019y avancer avec curiosit\u00e9 et ouverture. Mais je garde une conviction profonde : la sensibilit\u00e9 humaine, l\u2019intuition, le regard singulier, cela, aucune technologie ne pourra jamais vraiment le remplacer.<\/p>\n<p class=\"\" data-start=\"2025\" data-end=\"2318\">Alors si, la prochaine fois, vous ressentez quelque chose en d\u00e9couvrant une de mes cr\u00e9ations, n\u2019h\u00e9sitez pas \u00e0 me dire ce que cela vous \u00e9voque, ce que cela vous touche.<\/p>\n<p class=\"\" data-start=\"2025\" data-end=\"2318\">Le \u00ab comment \u00bb, bien s\u00fbr, a son int\u00e9r\u00eat. Mais le \u00ab pourquoi \u00bb&#8230; voil\u00e0 ce qui, \u00e0 mes yeux, donne tout son sens \u00e0 la cr\u00e9ation.<\/p>\n<p data-start=\"2025\" data-end=\"2318\"><strong>Vous pouvez poursuivre la lecture des articles class\u00e9s par rubriques\u00a0<\/strong><\/p>\n<p style=\"padding-left: 40px;\"><strong><a href=\"https:\/\/www.lebeaukal.fr\/blog\/category\/regard-lumiere\/\" rel=\"tag\">1. Regard &amp; Lumi\u00e8re-Expos <\/a><\/strong><\/p>\n<p style=\"padding-left: 40px;\">Photographie, Expositions \u00e0 voir\/visit\u00e9es ;<\/p>\n<p style=\"padding-left: 40px;\">Esth\u00e9tique et \u00e9motions sensibles ;<\/p>\n<p style=\"padding-left: 40px;\">O\u00f9 la lumi\u00e8re r\u00e9v\u00e8le l\u2019\u00e2me.<\/p>\n<p style=\"padding-left: 40px;\"><strong><a href=\"https:\/\/www.lebeaukal.fr\/blog\/category\/shootings-reportages-expositions\/\" rel=\"tag\">2. Shootings-Reportages-Expositions<\/a><\/strong><\/p>\n<p style=\"padding-left: 40px;\">Shootings ;<\/p>\n<p style=\"padding-left: 40px;\">D\u00e9roul\u00e9 sur les s\u00e9ances ;<\/p>\n<p style=\"padding-left: 40px;\">Reportages ;<\/p>\n<p style=\"padding-left: 40px;\">Expositions de Christian de Brosses Photographe \u00e0 Paris.<\/p>\n<p style=\"padding-left: 40px;\"><strong><a href=\"https:\/\/www.lebeaukal.fr\/blog\/category\/chemins-interieurs\/\" rel=\"tag\">3. Chemins int\u00e9rieurs<\/a><\/strong><\/p>\n<p style=\"padding-left: 40px;\">M\u00e9ditation, Qi Gong, conscience corporelle : vers une vie plus ancr\u00e9e.T\u00e9moignages, r\u00e9cits v\u00e9cus et cheminements intimes, personnels ou accompagn\u00e9s. Exp\u00e9riences de vie.<\/p>\n<p style=\"padding-left: 40px;\"><strong><a href=\"https:\/\/www.lebeaukal.fr\/blog\/category\/soins-energies\/\" rel=\"tag\">4. Soins &amp; \u00c9nergies<\/a><\/strong><\/p>\n<p style=\"padding-left: 40px;\">Fleurs de Bach, magn\u00e9tisme et accompagnements \u00e9nerg\u00e9tiques au c\u0153ur de l\u2019humain.<\/p>\n<p style=\"padding-left: 40px;\"><strong><a href=\"https:\/\/www.lebeaukal.fr\/blog\/category\/carnet-du-beaukal\/\" rel=\"tag\">5. Carnet du BeauKal-PDV<\/a><\/strong><\/p>\n<p style=\"padding-left: 40px;\">Textes libres, pens\u00e9es, inspirations artistiques et instants po\u00e9tiques ;<\/p>\n<p style=\"padding-left: 40px;\">Vie du studio Le BeauKal.<\/p>\n<p style=\"padding-left: 40px;\"><strong><a href=\"https:\/\/www.lebeaukal.fr\/blog\/category\/regard-societe\/\" rel=\"tag\">6. Regard sur la soci\u00e9t\u00e9<\/a><\/strong><\/p>\n<p style=\"padding-left: 40px;\">R\u00e9flexions sensibles sur le monde, la modernit\u00e9, le lien, l\u2019humain, les d\u00e9rives et les espoirs.<\/p>\n<p style=\"padding-left: 40px;\"><strong><a href=\"https:\/\/www.lebeaukal.fr\/blog\/category\/technique\/\" rel=\"tag\">7. Technique<\/a><\/strong><\/p>\n<p style=\"padding-left: 40px;\">Technique ;<\/p>\n<p style=\"padding-left: 40px;\">Internet ;<\/p>\n<p style=\"padding-left: 40px;\">R\u00e9seaux sociaux.<\/p>\n","protected":false},"excerpt":{"rendered":"<p>De plus en plus souvent, on me demande si mes cr\u00e9ations sont faites avec l\u2019IA, ou si mes photos sont retouch\u00e9es. Ces questions refl\u00e8tent notre \u00e9poque, o\u00f9 la fronti\u00e8re entre l\u2019humain et la technologie s\u2019efface. Pourtant, au-del\u00e0 de la technique, ce que je veux transmettre, c\u2019est une \u00e9motion, une atmosph\u00e8re, un instant. Peu importe l\u2019outil utilis\u00e9 : ce qui compte, c\u2019est ce que l\u2019\u0153uvre fait ressentir. La sensibilit\u00e9 humaine reste irrempla\u00e7able. Alors, la prochaine fois, dites-moi plut\u00f4t ce que cela vous \u00e9voque : c\u2019est l\u00e0 que r\u00e9side, pour moi, le vrai sens de la cr\u00e9ation.<\/p>\n","protected":false},"author":1,"featured_media":1991,"comment_status":"open","ping_status":"open","sticky":false,"template":"","format":"standard","meta":{"_uag_custom_page_level_css":"","footnotes":""},"categories":[1316],"tags":[],"class_list":["post-1986","post","type-post","status-publish","format-standard","has-post-thumbnail","hentry","category-regard-societe"],"yoast_head":"<!-- This site is optimized with the Yoast SEO Premium plugin v26.4 (Yoast SEO v26.4) - https:\/\/yoast.com\/wordpress\/plugins\/seo\/ -->\n<title>Photoshop, IA... et l\u2019\u00e9motion dans tout \u00e7a ?<\/title>\n<meta name=\"description\" content=\"R\u00e9fl\u00e9chissez \u00e0 la mani\u00e8re dont la question de l&#039;IA impacte notre appr\u00e9ciation des cr\u00e9ations artistiques et \u00e9motionnelles.\" \/>\n<meta name=\"robots\" content=\"index, follow, max-snippet:-1, max-image-preview:large, max-video-preview:-1\" \/>\n<link rel=\"canonical\" href=\"https:\/\/www.lebeaukal.fr\/blog\/photoshop-ia-et-lemotion-dans-tout-ca\/\" \/>\n<meta property=\"og:locale\" content=\"fr_FR\" \/>\n<meta property=\"og:type\" content=\"article\" \/>\n<meta property=\"og:title\" content=\"Photoshop, IA... et l\u2019\u00e9motion dans tout \u00e7a ?\" \/>\n<meta property=\"og:description\" content=\"De plus en plus souvent, on me demande si mes cr\u00e9ations sont faites avec l\u2019IA, ou si mes photos sont retouch\u00e9es. Ces questions refl\u00e8tent notre \u00e9poque, o\u00f9 la fronti\u00e8re entre l\u2019humain et la technologie s\u2019efface. Pourtant, au-del\u00e0 de la technique, ce que je veux transmettre, c\u2019est une \u00e9motion, une atmosph\u00e8re, un instant. Peu importe l\u2019outil utilis\u00e9 : ce qui compte, c\u2019est ce que l\u2019\u0153uvre fait ressentir. La sensibilit\u00e9 humaine reste irrempla\u00e7able. Alors, la prochaine fois, dites-moi plut\u00f4t ce que cela vous \u00e9voque : c\u2019est l\u00e0 que r\u00e9side, pour moi, le vrai sens de la cr\u00e9ation.\" \/>\n<meta property=\"og:url\" content=\"https:\/\/www.lebeaukal.fr\/blog\/photoshop-ia-et-lemotion-dans-tout-ca\/\" \/>\n<meta property=\"og:site_name\" content=\"Les Bulles du BeauKal\" \/>\n<meta property=\"article:publisher\" content=\"https:\/\/www.facebook.com\/beaukalexperience\/\" \/>\n<meta property=\"article:published_time\" content=\"2025-05-19T09:30:59+00:00\" \/>\n<meta property=\"article:modified_time\" content=\"2025-05-20T09:27:13+00:00\" \/>\n<meta property=\"og:image\" content=\"https:\/\/www.lebeaukal.fr\/blog\/wp-content\/uploads\/2025\/05\/Ia-emotions-web-e1747649191224-1024x683.png\" \/>\n\t<meta property=\"og:image:width\" content=\"1024\" \/>\n\t<meta property=\"og:image:height\" content=\"683\" \/>\n\t<meta property=\"og:image:type\" content=\"image\/png\" \/>\n<meta name=\"author\" content=\"ChristianBK\" \/>\n<meta name=\"twitter:card\" content=\"summary_large_image\" \/>\n<meta name=\"twitter:description\" content=\"De plus en plus souvent, on me demande si mes cr\u00e9ations sont faites avec l\u2019IA, ou si mes photos sont retouch\u00e9es. Ces questions refl\u00e8tent notre \u00e9poque, o\u00f9 la fronti\u00e8re entre l\u2019humain et la technologie s\u2019efface. Pourtant, au-del\u00e0 de la technique, ce que je veux transmettre, c\u2019est une \u00e9motion, une atmosph\u00e8re, un instant. Peu importe l\u2019outil utilis\u00e9 : ce qui compte, c\u2019est ce que l\u2019\u0153uvre fait ressentir. La sensibilit\u00e9 humaine reste irrempla\u00e7able. Alors, la prochaine fois, dites-moi plut\u00f4t ce que cela vous \u00e9voque : c\u2019est l\u00e0 que r\u00e9side, pour moi, le vrai sens de la cr\u00e9ation.\" \/>\n<meta name=\"twitter:creator\" content=\"@LeBeaukal\" \/>\n<meta name=\"twitter:site\" content=\"@LeBeaukal\" \/>\n<meta name=\"twitter:label1\" content=\"\u00c9crit par\" \/>\n\t<meta name=\"twitter:data1\" content=\"ChristianBK\" \/>\n\t<meta name=\"twitter:label2\" content=\"Dur\u00e9e de lecture estim\u00e9e\" \/>\n\t<meta name=\"twitter:data2\" content=\"3 minutes\" \/>\n<script type=\"application\/ld+json\" class=\"yoast-schema-graph\">{\"@context\":\"https:\/\/schema.org\",\"@graph\":[{\"@type\":\"Article\",\"@id\":\"https:\/\/www.lebeaukal.fr\/blog\/photoshop-ia-et-lemotion-dans-tout-ca\/#article\",\"isPartOf\":{\"@id\":\"https:\/\/www.lebeaukal.fr\/blog\/photoshop-ia-et-lemotion-dans-tout-ca\/\"},\"author\":{\"name\":\"ChristianBK\",\"@id\":\"https:\/\/www.lebeaukal.fr\/blog\/#\/schema\/person\/98c131ff4c5a3ec8104e930794adf33f\"},\"headline\":\"Photoshop, IA&#8230; et l\u2019\u00e9motion dans tout \u00e7a ?\",\"datePublished\":\"2025-05-19T09:30:59+00:00\",\"dateModified\":\"2025-05-20T09:27:13+00:00\",\"mainEntityOfPage\":{\"@id\":\"https:\/\/www.lebeaukal.fr\/blog\/photoshop-ia-et-lemotion-dans-tout-ca\/\"},\"wordCount\":559,\"commentCount\":0,\"publisher\":{\"@id\":\"https:\/\/www.lebeaukal.fr\/blog\/#organization\"},\"image\":{\"@id\":\"https:\/\/www.lebeaukal.fr\/blog\/photoshop-ia-et-lemotion-dans-tout-ca\/#primaryimage\"},\"thumbnailUrl\":\"https:\/\/www.lebeaukal.fr\/blog\/wp-content\/uploads\/2025\/05\/Ia-emotions-web-e1747649191224.png\",\"articleSection\":[\"6. Regard sur la soci\u00e9t\u00e9\"],\"inLanguage\":\"fr-FR\",\"potentialAction\":[{\"@type\":\"CommentAction\",\"name\":\"Comment\",\"target\":[\"https:\/\/www.lebeaukal.fr\/blog\/photoshop-ia-et-lemotion-dans-tout-ca\/#respond\"]}]},{\"@type\":\"WebPage\",\"@id\":\"https:\/\/www.lebeaukal.fr\/blog\/photoshop-ia-et-lemotion-dans-tout-ca\/\",\"url\":\"https:\/\/www.lebeaukal.fr\/blog\/photoshop-ia-et-lemotion-dans-tout-ca\/\",\"name\":\"Photoshop, IA... et l\u2019\u00e9motion dans tout \u00e7a ?\",\"isPartOf\":{\"@id\":\"https:\/\/www.lebeaukal.fr\/blog\/#website\"},\"primaryImageOfPage\":{\"@id\":\"https:\/\/www.lebeaukal.fr\/blog\/photoshop-ia-et-lemotion-dans-tout-ca\/#primaryimage\"},\"image\":{\"@id\":\"https:\/\/www.lebeaukal.fr\/blog\/photoshop-ia-et-lemotion-dans-tout-ca\/#primaryimage\"},\"thumbnailUrl\":\"https:\/\/www.lebeaukal.fr\/blog\/wp-content\/uploads\/2025\/05\/Ia-emotions-web-e1747649191224.png\",\"datePublished\":\"2025-05-19T09:30:59+00:00\",\"dateModified\":\"2025-05-20T09:27:13+00:00\",\"description\":\"R\u00e9fl\u00e9chissez \u00e0 la mani\u00e8re dont la question de l'IA impacte notre appr\u00e9ciation des cr\u00e9ations artistiques et \u00e9motionnelles.\",\"breadcrumb\":{\"@id\":\"https:\/\/www.lebeaukal.fr\/blog\/photoshop-ia-et-lemotion-dans-tout-ca\/#breadcrumb\"},\"inLanguage\":\"fr-FR\",\"potentialAction\":[{\"@type\":\"ReadAction\",\"target\":[\"https:\/\/www.lebeaukal.fr\/blog\/photoshop-ia-et-lemotion-dans-tout-ca\/\"]}]},{\"@type\":\"ImageObject\",\"inLanguage\":\"fr-FR\",\"@id\":\"https:\/\/www.lebeaukal.fr\/blog\/photoshop-ia-et-lemotion-dans-tout-ca\/#primaryimage\",\"url\":\"https:\/\/www.lebeaukal.fr\/blog\/wp-content\/uploads\/2025\/05\/Ia-emotions-web-e1747649191224.png\",\"contentUrl\":\"https:\/\/www.lebeaukal.fr\/blog\/wp-content\/uploads\/2025\/05\/Ia-emotions-web-e1747649191224.png\",\"width\":2048,\"height\":1365,\"caption\":\"IA et \u00e9motions\"},{\"@type\":\"BreadcrumbList\",\"@id\":\"https:\/\/www.lebeaukal.fr\/blog\/photoshop-ia-et-lemotion-dans-tout-ca\/#breadcrumb\",\"itemListElement\":[{\"@type\":\"ListItem\",\"position\":1,\"name\":\"Accueil\",\"item\":\"https:\/\/www.lebeaukal.fr\/blog\/\"},{\"@type\":\"ListItem\",\"position\":2,\"name\":\"Photoshop, IA&#8230; et l\u2019\u00e9motion dans tout \u00e7a ?\"}]},{\"@type\":\"WebSite\",\"@id\":\"https:\/\/www.lebeaukal.fr\/blog\/#website\",\"url\":\"https:\/\/www.lebeaukal.fr\/blog\/\",\"name\":\"Les Bulles du BeauKal\",\"description\":\"Le blog du studio photo Le BeauKal et informations sur la photo\",\"publisher\":{\"@id\":\"https:\/\/www.lebeaukal.fr\/blog\/#organization\"},\"potentialAction\":[{\"@type\":\"SearchAction\",\"target\":{\"@type\":\"EntryPoint\",\"urlTemplate\":\"https:\/\/www.lebeaukal.fr\/blog\/?s={search_term_string}\"},\"query-input\":{\"@type\":\"PropertyValueSpecification\",\"valueRequired\":true,\"valueName\":\"search_term_string\"}}],\"inLanguage\":\"fr-FR\"},{\"@type\":\"Organization\",\"@id\":\"https:\/\/www.lebeaukal.fr\/blog\/#organization\",\"name\":\"Le BeauKal\",\"url\":\"https:\/\/www.lebeaukal.fr\/blog\/\",\"logo\":{\"@type\":\"ImageObject\",\"inLanguage\":\"fr-FR\",\"@id\":\"https:\/\/www.lebeaukal.fr\/blog\/#\/schema\/logo\/image\/\",\"url\":\"https:\/\/www.lebeaukal.fr\/blog\/wp-content\/uploads\/2017\/01\/LOGOBK2.jpg\",\"contentUrl\":\"https:\/\/www.lebeaukal.fr\/blog\/wp-content\/uploads\/2017\/01\/LOGOBK2.jpg\",\"width\":500,\"height\":500,\"caption\":\"Le BeauKal\"},\"image\":{\"@id\":\"https:\/\/www.lebeaukal.fr\/blog\/#\/schema\/logo\/image\/\"},\"sameAs\":[\"https:\/\/www.facebook.com\/beaukalexperience\/\",\"https:\/\/x.com\/LeBeaukal\",\"https:\/\/www.instagram.com\/photographemontorgueil\/\",\"https:\/\/www.linkedin.com\/in\/christiandebrossesphotographe\/\"]},{\"@type\":\"Person\",\"@id\":\"https:\/\/www.lebeaukal.fr\/blog\/#\/schema\/person\/98c131ff4c5a3ec8104e930794adf33f\",\"name\":\"ChristianBK\",\"image\":{\"@type\":\"ImageObject\",\"inLanguage\":\"fr-FR\",\"@id\":\"https:\/\/www.lebeaukal.fr\/blog\/#\/schema\/person\/image\/\",\"url\":\"https:\/\/secure.gravatar.com\/avatar\/c363618de0d3e7978149ed892cf0466777ea09234acdd07bafe30ab1a90d7e55?s=96&d=mm&r=g\",\"contentUrl\":\"https:\/\/secure.gravatar.com\/avatar\/c363618de0d3e7978149ed892cf0466777ea09234acdd07bafe30ab1a90d7e55?s=96&d=mm&r=g\",\"caption\":\"ChristianBK\"}}]}<\/script>\n<!-- \/ Yoast SEO Premium plugin. -->","yoast_head_json":{"title":"Photoshop, IA... et l\u2019\u00e9motion dans tout \u00e7a ?","description":"R\u00e9fl\u00e9chissez \u00e0 la mani\u00e8re dont la question de l'IA impacte notre appr\u00e9ciation des cr\u00e9ations artistiques et \u00e9motionnelles.","robots":{"index":"index","follow":"follow","max-snippet":"max-snippet:-1","max-image-preview":"max-image-preview:large","max-video-preview":"max-video-preview:-1"},"canonical":"https:\/\/www.lebeaukal.fr\/blog\/photoshop-ia-et-lemotion-dans-tout-ca\/","og_locale":"fr_FR","og_type":"article","og_title":"Photoshop, IA... et l\u2019\u00e9motion dans tout \u00e7a ?","og_description":"De plus en plus souvent, on me demande si mes cr\u00e9ations sont faites avec l\u2019IA, ou si mes photos sont retouch\u00e9es. Ces questions refl\u00e8tent notre \u00e9poque, o\u00f9 la fronti\u00e8re entre l\u2019humain et la technologie s\u2019efface. Pourtant, au-del\u00e0 de la technique, ce que je veux transmettre, c\u2019est une \u00e9motion, une atmosph\u00e8re, un instant. Peu importe l\u2019outil utilis\u00e9 : ce qui compte, c\u2019est ce que l\u2019\u0153uvre fait ressentir. La sensibilit\u00e9 humaine reste irrempla\u00e7able. Alors, la prochaine fois, dites-moi plut\u00f4t ce que cela vous \u00e9voque : c\u2019est l\u00e0 que r\u00e9side, pour moi, le vrai sens de la cr\u00e9ation.","og_url":"https:\/\/www.lebeaukal.fr\/blog\/photoshop-ia-et-lemotion-dans-tout-ca\/","og_site_name":"Les Bulles du BeauKal","article_publisher":"https:\/\/www.facebook.com\/beaukalexperience\/","article_published_time":"2025-05-19T09:30:59+00:00","article_modified_time":"2025-05-20T09:27:13+00:00","og_image":[{"width":1024,"height":683,"url":"https:\/\/www.lebeaukal.fr\/blog\/wp-content\/uploads\/2025\/05\/Ia-emotions-web-e1747649191224-1024x683.png","type":"image\/png"}],"author":"ChristianBK","twitter_card":"summary_large_image","twitter_description":"De plus en plus souvent, on me demande si mes cr\u00e9ations sont faites avec l\u2019IA, ou si mes photos sont retouch\u00e9es. Ces questions refl\u00e8tent notre \u00e9poque, o\u00f9 la fronti\u00e8re entre l\u2019humain et la technologie s\u2019efface. Pourtant, au-del\u00e0 de la technique, ce que je veux transmettre, c\u2019est une \u00e9motion, une atmosph\u00e8re, un instant. Peu importe l\u2019outil utilis\u00e9 : ce qui compte, c\u2019est ce que l\u2019\u0153uvre fait ressentir. La sensibilit\u00e9 humaine reste irrempla\u00e7able. Alors, la prochaine fois, dites-moi plut\u00f4t ce que cela vous \u00e9voque : c\u2019est l\u00e0 que r\u00e9side, pour moi, le vrai sens de la cr\u00e9ation.","twitter_creator":"@LeBeaukal","twitter_site":"@LeBeaukal","twitter_misc":{"\u00c9crit par":"ChristianBK","Dur\u00e9e de lecture estim\u00e9e":"3 minutes"},"schema":{"@context":"https:\/\/schema.org","@graph":[{"@type":"Article","@id":"https:\/\/www.lebeaukal.fr\/blog\/photoshop-ia-et-lemotion-dans-tout-ca\/#article","isPartOf":{"@id":"https:\/\/www.lebeaukal.fr\/blog\/photoshop-ia-et-lemotion-dans-tout-ca\/"},"author":{"name":"ChristianBK","@id":"https:\/\/www.lebeaukal.fr\/blog\/#\/schema\/person\/98c131ff4c5a3ec8104e930794adf33f"},"headline":"Photoshop, IA&#8230; et l\u2019\u00e9motion dans tout \u00e7a ?","datePublished":"2025-05-19T09:30:59+00:00","dateModified":"2025-05-20T09:27:13+00:00","mainEntityOfPage":{"@id":"https:\/\/www.lebeaukal.fr\/blog\/photoshop-ia-et-lemotion-dans-tout-ca\/"},"wordCount":559,"commentCount":0,"publisher":{"@id":"https:\/\/www.lebeaukal.fr\/blog\/#organization"},"image":{"@id":"https:\/\/www.lebeaukal.fr\/blog\/photoshop-ia-et-lemotion-dans-tout-ca\/#primaryimage"},"thumbnailUrl":"https:\/\/www.lebeaukal.fr\/blog\/wp-content\/uploads\/2025\/05\/Ia-emotions-web-e1747649191224.png","articleSection":["6. Regard sur la soci\u00e9t\u00e9"],"inLanguage":"fr-FR","potentialAction":[{"@type":"CommentAction","name":"Comment","target":["https:\/\/www.lebeaukal.fr\/blog\/photoshop-ia-et-lemotion-dans-tout-ca\/#respond"]}]},{"@type":"WebPage","@id":"https:\/\/www.lebeaukal.fr\/blog\/photoshop-ia-et-lemotion-dans-tout-ca\/","url":"https:\/\/www.lebeaukal.fr\/blog\/photoshop-ia-et-lemotion-dans-tout-ca\/","name":"Photoshop, IA... et l\u2019\u00e9motion dans tout \u00e7a ?","isPartOf":{"@id":"https:\/\/www.lebeaukal.fr\/blog\/#website"},"primaryImageOfPage":{"@id":"https:\/\/www.lebeaukal.fr\/blog\/photoshop-ia-et-lemotion-dans-tout-ca\/#primaryimage"},"image":{"@id":"https:\/\/www.lebeaukal.fr\/blog\/photoshop-ia-et-lemotion-dans-tout-ca\/#primaryimage"},"thumbnailUrl":"https:\/\/www.lebeaukal.fr\/blog\/wp-content\/uploads\/2025\/05\/Ia-emotions-web-e1747649191224.png","datePublished":"2025-05-19T09:30:59+00:00","dateModified":"2025-05-20T09:27:13+00:00","description":"R\u00e9fl\u00e9chissez \u00e0 la mani\u00e8re dont la question de l'IA impacte notre appr\u00e9ciation des cr\u00e9ations artistiques et \u00e9motionnelles.","breadcrumb":{"@id":"https:\/\/www.lebeaukal.fr\/blog\/photoshop-ia-et-lemotion-dans-tout-ca\/#breadcrumb"},"inLanguage":"fr-FR","potentialAction":[{"@type":"ReadAction","target":["https:\/\/www.lebeaukal.fr\/blog\/photoshop-ia-et-lemotion-dans-tout-ca\/"]}]},{"@type":"ImageObject","inLanguage":"fr-FR","@id":"https:\/\/www.lebeaukal.fr\/blog\/photoshop-ia-et-lemotion-dans-tout-ca\/#primaryimage","url":"https:\/\/www.lebeaukal.fr\/blog\/wp-content\/uploads\/2025\/05\/Ia-emotions-web-e1747649191224.png","contentUrl":"https:\/\/www.lebeaukal.fr\/blog\/wp-content\/uploads\/2025\/05\/Ia-emotions-web-e1747649191224.png","width":2048,"height":1365,"caption":"IA et \u00e9motions"},{"@type":"BreadcrumbList","@id":"https:\/\/www.lebeaukal.fr\/blog\/photoshop-ia-et-lemotion-dans-tout-ca\/#breadcrumb","itemListElement":[{"@type":"ListItem","position":1,"name":"Accueil","item":"https:\/\/www.lebeaukal.fr\/blog\/"},{"@type":"ListItem","position":2,"name":"Photoshop, IA&#8230; et l\u2019\u00e9motion dans tout \u00e7a ?"}]},{"@type":"WebSite","@id":"https:\/\/www.lebeaukal.fr\/blog\/#website","url":"https:\/\/www.lebeaukal.fr\/blog\/","name":"Les Bulles du BeauKal","description":"Le blog du studio photo Le BeauKal et informations sur la photo","publisher":{"@id":"https:\/\/www.lebeaukal.fr\/blog\/#organization"},"potentialAction":[{"@type":"SearchAction","target":{"@type":"EntryPoint","urlTemplate":"https:\/\/www.lebeaukal.fr\/blog\/?s={search_term_string}"},"query-input":{"@type":"PropertyValueSpecification","valueRequired":true,"valueName":"search_term_string"}}],"inLanguage":"fr-FR"},{"@type":"Organization","@id":"https:\/\/www.lebeaukal.fr\/blog\/#organization","name":"Le BeauKal","url":"https:\/\/www.lebeaukal.fr\/blog\/","logo":{"@type":"ImageObject","inLanguage":"fr-FR","@id":"https:\/\/www.lebeaukal.fr\/blog\/#\/schema\/logo\/image\/","url":"https:\/\/www.lebeaukal.fr\/blog\/wp-content\/uploads\/2017\/01\/LOGOBK2.jpg","contentUrl":"https:\/\/www.lebeaukal.fr\/blog\/wp-content\/uploads\/2017\/01\/LOGOBK2.jpg","width":500,"height":500,"caption":"Le BeauKal"},"image":{"@id":"https:\/\/www.lebeaukal.fr\/blog\/#\/schema\/logo\/image\/"},"sameAs":["https:\/\/www.facebook.com\/beaukalexperience\/","https:\/\/x.com\/LeBeaukal","https:\/\/www.instagram.com\/photographemontorgueil\/","https:\/\/www.linkedin.com\/in\/christiandebrossesphotographe\/"]},{"@type":"Person","@id":"https:\/\/www.lebeaukal.fr\/blog\/#\/schema\/person\/98c131ff4c5a3ec8104e930794adf33f","name":"ChristianBK","image":{"@type":"ImageObject","inLanguage":"fr-FR","@id":"https:\/\/www.lebeaukal.fr\/blog\/#\/schema\/person\/image\/","url":"https:\/\/secure.gravatar.com\/avatar\/c363618de0d3e7978149ed892cf0466777ea09234acdd07bafe30ab1a90d7e55?s=96&d=mm&r=g","contentUrl":"https:\/\/secure.gravatar.com\/avatar\/c363618de0d3e7978149ed892cf0466777ea09234acdd07bafe30ab1a90d7e55?s=96&d=mm&r=g","caption":"ChristianBK"}}]}},"uagb_featured_image_src":{"full":["https:\/\/www.lebeaukal.fr\/blog\/wp-content\/uploads\/2025\/05\/Ia-emotions-web-e1747649191224.png",2048,1365,false],"thumbnail":["https:\/\/www.lebeaukal.fr\/blog\/wp-content\/uploads\/2025\/05\/Ia-emotions-web-e1747649191224-150x150.png",150,150,true],"medium":["https:\/\/www.lebeaukal.fr\/blog\/wp-content\/uploads\/2025\/05\/Ia-emotions-web-e1747649191224-300x200.png",300,200,true],"medium_large":["https:\/\/www.lebeaukal.fr\/blog\/wp-content\/uploads\/2025\/05\/Ia-emotions-web-e1747649191224-768x512.png",768,512,true],"large":["https:\/\/www.lebeaukal.fr\/blog\/wp-content\/uploads\/2025\/05\/Ia-emotions-web-e1747649191224-1024x683.png",1024,683,true],"slgf_12_thumb":["https:\/\/www.lebeaukal.fr\/blog\/wp-content\/uploads\/2025\/05\/Ia-emotions-web-e1747649191224-500x1365.png",500,1365,true],"slgf_346_thumb":["https:\/\/www.lebeaukal.fr\/blog\/wp-content\/uploads\/2025\/05\/Ia-emotions-web-e1747649191224-400x1365.png",400,1365,true],"slgf_12_same_size_thumb":["https:\/\/www.lebeaukal.fr\/blog\/wp-content\/uploads\/2025\/05\/Ia-emotions-web-e1747649191224-500x500.png",500,500,true],"slgf_346_same_size_thumb":["https:\/\/www.lebeaukal.fr\/blog\/wp-content\/uploads\/2025\/05\/Ia-emotions-web-e1747649191224-400x400.png",400,400,true],"rpg_gallery_admin_thumb":["https:\/\/www.lebeaukal.fr\/blog\/wp-content\/uploads\/2025\/05\/Ia-emotions-web-e1747649191224-150x150.png",150,150,true],"rpg_gallery_thumb":["https:\/\/www.lebeaukal.fr\/blog\/wp-content\/uploads\/2025\/05\/Ia-emotions-web-e1747649191224-150x150.png",150,150,true],"1536x1536":["https:\/\/www.lebeaukal.fr\/blog\/wp-content\/uploads\/2025\/05\/Ia-emotions-web-e1747649191224-1536x1024.png",1536,1024,true],"2048x2048":["https:\/\/www.lebeaukal.fr\/blog\/wp-content\/uploads\/2025\/05\/Ia-emotions-web-e1747649191224.png",2048,1365,false],"blog-large":["https:\/\/www.lebeaukal.fr\/blog\/wp-content\/uploads\/2025\/05\/Ia-emotions-web-e1747649191224-669x272.png",669,272,true],"blog-medium":["https:\/\/www.lebeaukal.fr\/blog\/wp-content\/uploads\/2025\/05\/Ia-emotions-web-e1747649191224-320x202.png",320,202,true],"recent-posts":["https:\/\/www.lebeaukal.fr\/blog\/wp-content\/uploads\/2025\/05\/Ia-emotions-web-e1747649191224-700x441.png",700,441,true],"recent-works-thumbnail":["https:\/\/www.lebeaukal.fr\/blog\/wp-content\/uploads\/2025\/05\/Ia-emotions-web-e1747649191224-66x66.png",66,66,true],"fusion-200":["https:\/\/www.lebeaukal.fr\/blog\/wp-content\/uploads\/2025\/05\/Ia-emotions-web-e1747649191224-200x133.png",200,133,true],"fusion-400":["https:\/\/www.lebeaukal.fr\/blog\/wp-content\/uploads\/2025\/05\/Ia-emotions-web-e1747649191224-400x267.png",400,267,true],"fusion-600":["https:\/\/www.lebeaukal.fr\/blog\/wp-content\/uploads\/2025\/05\/Ia-emotions-web-e1747649191224-600x400.png",600,400,true],"fusion-800":["https:\/\/www.lebeaukal.fr\/blog\/wp-content\/uploads\/2025\/05\/Ia-emotions-web-e1747649191224-800x533.png",800,533,true],"fusion-1200":["https:\/\/www.lebeaukal.fr\/blog\/wp-content\/uploads\/2025\/05\/Ia-emotions-web-e1747649191224-1200x800.png",1200,800,true],"portfolio-full":["https:\/\/www.lebeaukal.fr\/blog\/wp-content\/uploads\/2025\/05\/Ia-emotions-web-e1747649191224-940x400.png",940,400,true],"portfolio-one":["https:\/\/www.lebeaukal.fr\/blog\/wp-content\/uploads\/2025\/05\/Ia-emotions-web-e1747649191224-540x272.png",540,272,true],"portfolio-two":["https:\/\/www.lebeaukal.fr\/blog\/wp-content\/uploads\/2025\/05\/Ia-emotions-web-e1747649191224-460x295.png",460,295,true],"portfolio-three":["https:\/\/www.lebeaukal.fr\/blog\/wp-content\/uploads\/2025\/05\/Ia-emotions-web-e1747649191224-300x214.png",300,214,true],"portfolio-five":["https:\/\/www.lebeaukal.fr\/blog\/wp-content\/uploads\/2025\/05\/Ia-emotions-web-e1747649191224-177x142.png",177,142,true]},"uagb_author_info":{"display_name":"ChristianBK","author_link":"https:\/\/www.lebeaukal.fr\/blog\/author\/christianbk\/"},"uagb_comment_info":0,"uagb_excerpt":"De plus en plus souvent, on me demande si mes cr\u00e9ations sont faites avec l\u2019IA, ou si mes photos sont retouch\u00e9es. Ces questions refl\u00e8tent notre \u00e9poque, o\u00f9 la fronti\u00e8re entre l\u2019humain et la technologie s\u2019efface. Pourtant, au-del\u00e0 de la technique, ce que je veux transmettre, c\u2019est une \u00e9motion, une atmosph\u00e8re, un instant. Peu importe l\u2019outil\u2026","_links":{"self":[{"href":"https:\/\/www.lebeaukal.fr\/blog\/wp-json\/wp\/v2\/posts\/1986","targetHints":{"allow":["GET"]}}],"collection":[{"href":"https:\/\/www.lebeaukal.fr\/blog\/wp-json\/wp\/v2\/posts"}],"about":[{"href":"https:\/\/www.lebeaukal.fr\/blog\/wp-json\/wp\/v2\/types\/post"}],"author":[{"embeddable":true,"href":"https:\/\/www.lebeaukal.fr\/blog\/wp-json\/wp\/v2\/users\/1"}],"replies":[{"embeddable":true,"href":"https:\/\/www.lebeaukal.fr\/blog\/wp-json\/wp\/v2\/comments?post=1986"}],"version-history":[{"count":7,"href":"https:\/\/www.lebeaukal.fr\/blog\/wp-json\/wp\/v2\/posts\/1986\/revisions"}],"predecessor-version":[{"id":2009,"href":"https:\/\/www.lebeaukal.fr\/blog\/wp-json\/wp\/v2\/posts\/1986\/revisions\/2009"}],"wp:featuredmedia":[{"embeddable":true,"href":"https:\/\/www.lebeaukal.fr\/blog\/wp-json\/wp\/v2\/media\/1991"}],"wp:attachment":[{"href":"https:\/\/www.lebeaukal.fr\/blog\/wp-json\/wp\/v2\/media?parent=1986"}],"wp:term":[{"taxonomy":"category","embeddable":true,"href":"https:\/\/www.lebeaukal.fr\/blog\/wp-json\/wp\/v2\/categories?post=1986"},{"taxonomy":"post_tag","embeddable":true,"href":"https:\/\/www.lebeaukal.fr\/blog\/wp-json\/wp\/v2\/tags?post=1986"}],"curies":[{"name":"wp","href":"https:\/\/api.w.org\/{rel}","templated":true}]}}