{"id":1508,"date":"2019-07-18T16:12:00","date_gmt":"2019-07-18T14:12:00","guid":{"rendered":"https:\/\/www.lebeaukal.fr\/blog\/?p=1508"},"modified":"2025-05-19T18:21:11","modified_gmt":"2025-05-19T16:21:11","slug":"van-gogh-la-nuit-etoilee-a-latelier-des-lumieres","status":"publish","type":"post","link":"https:\/\/www.lebeaukal.fr\/blog\/van-gogh-la-nuit-etoilee-a-latelier-des-lumieres\/","title":{"rendered":"Van Gogh, La nuit \u00e9toil\u00e9e \u00e0 l&rsquo;Atelier des Lumi\u00e8res"},"content":{"rendered":"<div class=\"caption_titre\">Van Gogh, La nuit \u00e9toil\u00e9e \u00e0 l&rsquo;Atelier des Lumi\u00e8res<\/p>\n<div id=\"site-name\"><\/div>\n<\/div>\n<div>\n<div id=\"attachment_1509\" style=\"width: 1210px\" class=\"wp-caption aligncenter\"><a href=\"https:\/\/www.lebeaukal.fr\/blog\/wp-content\/uploads\/2019\/07\/DSC_1200.jpg\"><img decoding=\"async\" aria-describedby=\"caption-attachment-1509\" class=\"size-full wp-image-1509\" src=\"https:\/\/www.lebeaukal.fr\/blog\/wp-content\/uploads\/2019\/07\/DSC_1200.jpg\" alt=\"Van Gogh, La nuit \u00e9toil\u00e9e\" width=\"1200\" height=\"630\" srcset=\"https:\/\/www.lebeaukal.fr\/blog\/wp-content\/uploads\/2019\/07\/DSC_1200-200x105.jpg 200w, https:\/\/www.lebeaukal.fr\/blog\/wp-content\/uploads\/2019\/07\/DSC_1200-300x158.jpg 300w, https:\/\/www.lebeaukal.fr\/blog\/wp-content\/uploads\/2019\/07\/DSC_1200-400x210.jpg 400w, https:\/\/www.lebeaukal.fr\/blog\/wp-content\/uploads\/2019\/07\/DSC_1200-600x315.jpg 600w, https:\/\/www.lebeaukal.fr\/blog\/wp-content\/uploads\/2019\/07\/DSC_1200-768x403.jpg 768w, https:\/\/www.lebeaukal.fr\/blog\/wp-content\/uploads\/2019\/07\/DSC_1200-800x420.jpg 800w, https:\/\/www.lebeaukal.fr\/blog\/wp-content\/uploads\/2019\/07\/DSC_1200-1024x538.jpg 1024w, https:\/\/www.lebeaukal.fr\/blog\/wp-content\/uploads\/2019\/07\/DSC_1200.jpg 1200w\" sizes=\"(max-width: 1200px) 100vw, 1200px\" \/><\/a><p id=\"caption-attachment-1509\" class=\"wp-caption-text\">Van Gogh, La nuit \u00e9toil\u00e9e<\/p><\/div>\n<\/div>\n<div class=\"caption_titre\">Une cr\u00e9ation Gianfranco Iannuzzi &#8211; Renato Gatto &#8211; Massimiliano Siccardi &#8211; avec la collaboration musicale de Luca Longobardi<\/div>\n<div class=\"caption_date\">Du 22 f\u00e9vrier au 31 d\u00e9cembre 2019<\/div>\n","protected":false},"excerpt":{"rendered":"<p>Van Gogh, La nuit \u00e9toil\u00e9e \u00e0 l&rsquo;Atelier des Lumi\u00e8res Une cr\u00e9ation Gianfranco Iannuzzi &#8211; Renato Gatto &#8211; Massimiliano Siccardi &#8211; avec la collaboration musicale de Luca Longobardi Du 22 f\u00e9vrier au 31 d\u00e9cembre 2019<\/p>\n","protected":false},"author":1,"featured_media":1509,"comment_status":"closed","ping_status":"open","sticky":false,"template":"","format":"standard","meta":{"_uag_custom_page_level_css":"","footnotes":""},"categories":[1311],"tags":[],"class_list":["post-1508","post","type-post","status-publish","format-standard","has-post-thumbnail","hentry","category-regard-lumiere"],"yoast_head":"<!-- This site is optimized with the Yoast SEO Premium plugin v26.4 (Yoast SEO v26.4) - https:\/\/yoast.com\/wordpress\/plugins\/seo\/ -->\n<title>Van Gogh, La nuit \u00e9toil\u00e9e \u00e0 l&#039;Atelier des Lumi\u00e8res<\/title>\n<meta name=\"description\" content=\"Van Gogh, La nuit \u00e9toil\u00e9e \u00e0 l&#039;Atelier des Lumi\u00e8res Une cr\u00e9ation Gianfranco Iannuzzi - Renato Gatto - Massimiliano Siccardi - avec la collaboration\" \/>\n<meta name=\"robots\" content=\"index, follow, max-snippet:-1, max-image-preview:large, max-video-preview:-1\" \/>\n<link rel=\"canonical\" href=\"https:\/\/www.lebeaukal.fr\/blog\/van-gogh-la-nuit-etoilee-a-latelier-des-lumieres\/\" \/>\n<meta property=\"og:locale\" content=\"fr_FR\" \/>\n<meta property=\"og:type\" content=\"article\" \/>\n<meta property=\"og:title\" content=\"Van Gogh, La nuit \u00e9toil\u00e9e \u00e0 l&#039;Atelier des Lumi\u00e8res\" \/>\n<meta property=\"og:description\" content=\"Van Gogh, La nuit \u00e9toil\u00e9e \u00e0 l&#039;Atelier des Lumi\u00e8res Une cr\u00e9ation Gianfranco Iannuzzi - Renato Gatto - Massimiliano Siccardi - avec la collaboration\" \/>\n<meta property=\"og:url\" content=\"https:\/\/www.lebeaukal.fr\/blog\/van-gogh-la-nuit-etoilee-a-latelier-des-lumieres\/\" \/>\n<meta property=\"og:site_name\" content=\"Les Bulles du BeauKal\" \/>\n<meta property=\"article:publisher\" content=\"https:\/\/www.facebook.com\/beaukalexperience\/\" \/>\n<meta property=\"article:published_time\" content=\"2019-07-18T14:12:00+00:00\" \/>\n<meta property=\"article:modified_time\" content=\"2025-05-19T16:21:11+00:00\" \/>\n<meta property=\"og:image\" content=\"https:\/\/www.lebeaukal.fr\/blog\/wp-content\/uploads\/2019\/07\/DSC_1200.jpg\" \/>\n\t<meta property=\"og:image:width\" content=\"1200\" \/>\n\t<meta property=\"og:image:height\" content=\"630\" \/>\n\t<meta property=\"og:image:type\" content=\"image\/jpeg\" \/>\n<meta name=\"author\" content=\"ChristianBK\" \/>\n<meta name=\"twitter:card\" content=\"summary_large_image\" \/>\n<meta name=\"twitter:creator\" content=\"@LeBeaukal\" \/>\n<meta name=\"twitter:site\" content=\"@LeBeaukal\" \/>\n<meta name=\"twitter:label1\" content=\"\u00c9crit par\" \/>\n\t<meta name=\"twitter:data1\" content=\"ChristianBK\" \/>\n<script type=\"application\/ld+json\" class=\"yoast-schema-graph\">{\"@context\":\"https:\/\/schema.org\",\"@graph\":[{\"@type\":\"Article\",\"@id\":\"https:\/\/www.lebeaukal.fr\/blog\/van-gogh-la-nuit-etoilee-a-latelier-des-lumieres\/#article\",\"isPartOf\":{\"@id\":\"https:\/\/www.lebeaukal.fr\/blog\/van-gogh-la-nuit-etoilee-a-latelier-des-lumieres\/\"},\"author\":{\"name\":\"ChristianBK\",\"@id\":\"https:\/\/www.lebeaukal.fr\/blog\/#\/schema\/person\/98c131ff4c5a3ec8104e930794adf33f\"},\"headline\":\"Van Gogh, La nuit \u00e9toil\u00e9e \u00e0 l&rsquo;Atelier des Lumi\u00e8res\",\"datePublished\":\"2019-07-18T14:12:00+00:00\",\"dateModified\":\"2025-05-19T16:21:11+00:00\",\"mainEntityOfPage\":{\"@id\":\"https:\/\/www.lebeaukal.fr\/blog\/van-gogh-la-nuit-etoilee-a-latelier-des-lumieres\/\"},\"wordCount\":60,\"publisher\":{\"@id\":\"https:\/\/www.lebeaukal.fr\/blog\/#organization\"},\"image\":{\"@id\":\"https:\/\/www.lebeaukal.fr\/blog\/van-gogh-la-nuit-etoilee-a-latelier-des-lumieres\/#primaryimage\"},\"thumbnailUrl\":\"https:\/\/www.lebeaukal.fr\/blog\/wp-content\/uploads\/2019\/07\/DSC_1200.jpg\",\"articleSection\":[\"1. Regard &amp; Lumi\u00e8re-Expos\"],\"inLanguage\":\"fr-FR\"},{\"@type\":\"WebPage\",\"@id\":\"https:\/\/www.lebeaukal.fr\/blog\/van-gogh-la-nuit-etoilee-a-latelier-des-lumieres\/\",\"url\":\"https:\/\/www.lebeaukal.fr\/blog\/van-gogh-la-nuit-etoilee-a-latelier-des-lumieres\/\",\"name\":\"Van Gogh, La nuit \u00e9toil\u00e9e \u00e0 l'Atelier des Lumi\u00e8res\",\"isPartOf\":{\"@id\":\"https:\/\/www.lebeaukal.fr\/blog\/#website\"},\"primaryImageOfPage\":{\"@id\":\"https:\/\/www.lebeaukal.fr\/blog\/van-gogh-la-nuit-etoilee-a-latelier-des-lumieres\/#primaryimage\"},\"image\":{\"@id\":\"https:\/\/www.lebeaukal.fr\/blog\/van-gogh-la-nuit-etoilee-a-latelier-des-lumieres\/#primaryimage\"},\"thumbnailUrl\":\"https:\/\/www.lebeaukal.fr\/blog\/wp-content\/uploads\/2019\/07\/DSC_1200.jpg\",\"datePublished\":\"2019-07-18T14:12:00+00:00\",\"dateModified\":\"2025-05-19T16:21:11+00:00\",\"description\":\"Van Gogh, La nuit \u00e9toil\u00e9e \u00e0 l'Atelier des Lumi\u00e8res Une cr\u00e9ation Gianfranco Iannuzzi - Renato Gatto - Massimiliano Siccardi - avec la collaboration\",\"breadcrumb\":{\"@id\":\"https:\/\/www.lebeaukal.fr\/blog\/van-gogh-la-nuit-etoilee-a-latelier-des-lumieres\/#breadcrumb\"},\"inLanguage\":\"fr-FR\",\"potentialAction\":[{\"@type\":\"ReadAction\",\"target\":[\"https:\/\/www.lebeaukal.fr\/blog\/van-gogh-la-nuit-etoilee-a-latelier-des-lumieres\/\"]}]},{\"@type\":\"ImageObject\",\"inLanguage\":\"fr-FR\",\"@id\":\"https:\/\/www.lebeaukal.fr\/blog\/van-gogh-la-nuit-etoilee-a-latelier-des-lumieres\/#primaryimage\",\"url\":\"https:\/\/www.lebeaukal.fr\/blog\/wp-content\/uploads\/2019\/07\/DSC_1200.jpg\",\"contentUrl\":\"https:\/\/www.lebeaukal.fr\/blog\/wp-content\/uploads\/2019\/07\/DSC_1200.jpg\",\"width\":1200,\"height\":630,\"caption\":\"Van Gogh, La nuit \u00e9toil\u00e9e\"},{\"@type\":\"BreadcrumbList\",\"@id\":\"https:\/\/www.lebeaukal.fr\/blog\/van-gogh-la-nuit-etoilee-a-latelier-des-lumieres\/#breadcrumb\",\"itemListElement\":[{\"@type\":\"ListItem\",\"position\":1,\"name\":\"Accueil\",\"item\":\"https:\/\/www.lebeaukal.fr\/blog\/\"},{\"@type\":\"ListItem\",\"position\":2,\"name\":\"Van Gogh, La nuit \u00e9toil\u00e9e \u00e0 l&rsquo;Atelier des Lumi\u00e8res\"}]},{\"@type\":\"WebSite\",\"@id\":\"https:\/\/www.lebeaukal.fr\/blog\/#website\",\"url\":\"https:\/\/www.lebeaukal.fr\/blog\/\",\"name\":\"Les Bulles du BeauKal\",\"description\":\"Le blog du studio photo Le BeauKal et informations sur la photo\",\"publisher\":{\"@id\":\"https:\/\/www.lebeaukal.fr\/blog\/#organization\"},\"potentialAction\":[{\"@type\":\"SearchAction\",\"target\":{\"@type\":\"EntryPoint\",\"urlTemplate\":\"https:\/\/www.lebeaukal.fr\/blog\/?s={search_term_string}\"},\"query-input\":{\"@type\":\"PropertyValueSpecification\",\"valueRequired\":true,\"valueName\":\"search_term_string\"}}],\"inLanguage\":\"fr-FR\"},{\"@type\":\"Organization\",\"@id\":\"https:\/\/www.lebeaukal.fr\/blog\/#organization\",\"name\":\"Le BeauKal\",\"url\":\"https:\/\/www.lebeaukal.fr\/blog\/\",\"logo\":{\"@type\":\"ImageObject\",\"inLanguage\":\"fr-FR\",\"@id\":\"https:\/\/www.lebeaukal.fr\/blog\/#\/schema\/logo\/image\/\",\"url\":\"https:\/\/www.lebeaukal.fr\/blog\/wp-content\/uploads\/2017\/01\/LOGOBK2.jpg\",\"contentUrl\":\"https:\/\/www.lebeaukal.fr\/blog\/wp-content\/uploads\/2017\/01\/LOGOBK2.jpg\",\"width\":500,\"height\":500,\"caption\":\"Le BeauKal\"},\"image\":{\"@id\":\"https:\/\/www.lebeaukal.fr\/blog\/#\/schema\/logo\/image\/\"},\"sameAs\":[\"https:\/\/www.facebook.com\/beaukalexperience\/\",\"https:\/\/x.com\/LeBeaukal\",\"https:\/\/www.instagram.com\/photographemontorgueil\/\",\"https:\/\/www.linkedin.com\/in\/christiandebrossesphotographe\/\"]},{\"@type\":\"Person\",\"@id\":\"https:\/\/www.lebeaukal.fr\/blog\/#\/schema\/person\/98c131ff4c5a3ec8104e930794adf33f\",\"name\":\"ChristianBK\",\"image\":{\"@type\":\"ImageObject\",\"inLanguage\":\"fr-FR\",\"@id\":\"https:\/\/www.lebeaukal.fr\/blog\/#\/schema\/person\/image\/\",\"url\":\"https:\/\/secure.gravatar.com\/avatar\/c363618de0d3e7978149ed892cf0466777ea09234acdd07bafe30ab1a90d7e55?s=96&d=mm&r=g\",\"contentUrl\":\"https:\/\/secure.gravatar.com\/avatar\/c363618de0d3e7978149ed892cf0466777ea09234acdd07bafe30ab1a90d7e55?s=96&d=mm&r=g\",\"caption\":\"ChristianBK\"}}]}<\/script>\n<!-- \/ Yoast SEO Premium plugin. -->","yoast_head_json":{"title":"Van Gogh, La nuit \u00e9toil\u00e9e \u00e0 l'Atelier des Lumi\u00e8res","description":"Van Gogh, La nuit \u00e9toil\u00e9e \u00e0 l'Atelier des Lumi\u00e8res Une cr\u00e9ation Gianfranco Iannuzzi - Renato Gatto - Massimiliano Siccardi - avec la collaboration","robots":{"index":"index","follow":"follow","max-snippet":"max-snippet:-1","max-image-preview":"max-image-preview:large","max-video-preview":"max-video-preview:-1"},"canonical":"https:\/\/www.lebeaukal.fr\/blog\/van-gogh-la-nuit-etoilee-a-latelier-des-lumieres\/","og_locale":"fr_FR","og_type":"article","og_title":"Van Gogh, La nuit \u00e9toil\u00e9e \u00e0 l'Atelier des Lumi\u00e8res","og_description":"Van Gogh, La nuit \u00e9toil\u00e9e \u00e0 l'Atelier des Lumi\u00e8res Une cr\u00e9ation Gianfranco Iannuzzi - Renato Gatto - Massimiliano Siccardi - avec la collaboration","og_url":"https:\/\/www.lebeaukal.fr\/blog\/van-gogh-la-nuit-etoilee-a-latelier-des-lumieres\/","og_site_name":"Les Bulles du BeauKal","article_publisher":"https:\/\/www.facebook.com\/beaukalexperience\/","article_published_time":"2019-07-18T14:12:00+00:00","article_modified_time":"2025-05-19T16:21:11+00:00","og_image":[{"width":1200,"height":630,"url":"https:\/\/www.lebeaukal.fr\/blog\/wp-content\/uploads\/2019\/07\/DSC_1200.jpg","type":"image\/jpeg"}],"author":"ChristianBK","twitter_card":"summary_large_image","twitter_creator":"@LeBeaukal","twitter_site":"@LeBeaukal","twitter_misc":{"\u00c9crit par":"ChristianBK"},"schema":{"@context":"https:\/\/schema.org","@graph":[{"@type":"Article","@id":"https:\/\/www.lebeaukal.fr\/blog\/van-gogh-la-nuit-etoilee-a-latelier-des-lumieres\/#article","isPartOf":{"@id":"https:\/\/www.lebeaukal.fr\/blog\/van-gogh-la-nuit-etoilee-a-latelier-des-lumieres\/"},"author":{"name":"ChristianBK","@id":"https:\/\/www.lebeaukal.fr\/blog\/#\/schema\/person\/98c131ff4c5a3ec8104e930794adf33f"},"headline":"Van Gogh, La nuit \u00e9toil\u00e9e \u00e0 l&rsquo;Atelier des Lumi\u00e8res","datePublished":"2019-07-18T14:12:00+00:00","dateModified":"2025-05-19T16:21:11+00:00","mainEntityOfPage":{"@id":"https:\/\/www.lebeaukal.fr\/blog\/van-gogh-la-nuit-etoilee-a-latelier-des-lumieres\/"},"wordCount":60,"publisher":{"@id":"https:\/\/www.lebeaukal.fr\/blog\/#organization"},"image":{"@id":"https:\/\/www.lebeaukal.fr\/blog\/van-gogh-la-nuit-etoilee-a-latelier-des-lumieres\/#primaryimage"},"thumbnailUrl":"https:\/\/www.lebeaukal.fr\/blog\/wp-content\/uploads\/2019\/07\/DSC_1200.jpg","articleSection":["1. Regard &amp; Lumi\u00e8re-Expos"],"inLanguage":"fr-FR"},{"@type":"WebPage","@id":"https:\/\/www.lebeaukal.fr\/blog\/van-gogh-la-nuit-etoilee-a-latelier-des-lumieres\/","url":"https:\/\/www.lebeaukal.fr\/blog\/van-gogh-la-nuit-etoilee-a-latelier-des-lumieres\/","name":"Van Gogh, La nuit \u00e9toil\u00e9e \u00e0 l'Atelier des Lumi\u00e8res","isPartOf":{"@id":"https:\/\/www.lebeaukal.fr\/blog\/#website"},"primaryImageOfPage":{"@id":"https:\/\/www.lebeaukal.fr\/blog\/van-gogh-la-nuit-etoilee-a-latelier-des-lumieres\/#primaryimage"},"image":{"@id":"https:\/\/www.lebeaukal.fr\/blog\/van-gogh-la-nuit-etoilee-a-latelier-des-lumieres\/#primaryimage"},"thumbnailUrl":"https:\/\/www.lebeaukal.fr\/blog\/wp-content\/uploads\/2019\/07\/DSC_1200.jpg","datePublished":"2019-07-18T14:12:00+00:00","dateModified":"2025-05-19T16:21:11+00:00","description":"Van Gogh, La nuit \u00e9toil\u00e9e \u00e0 l'Atelier des Lumi\u00e8res Une cr\u00e9ation Gianfranco Iannuzzi - Renato Gatto - Massimiliano Siccardi - avec la collaboration","breadcrumb":{"@id":"https:\/\/www.lebeaukal.fr\/blog\/van-gogh-la-nuit-etoilee-a-latelier-des-lumieres\/#breadcrumb"},"inLanguage":"fr-FR","potentialAction":[{"@type":"ReadAction","target":["https:\/\/www.lebeaukal.fr\/blog\/van-gogh-la-nuit-etoilee-a-latelier-des-lumieres\/"]}]},{"@type":"ImageObject","inLanguage":"fr-FR","@id":"https:\/\/www.lebeaukal.fr\/blog\/van-gogh-la-nuit-etoilee-a-latelier-des-lumieres\/#primaryimage","url":"https:\/\/www.lebeaukal.fr\/blog\/wp-content\/uploads\/2019\/07\/DSC_1200.jpg","contentUrl":"https:\/\/www.lebeaukal.fr\/blog\/wp-content\/uploads\/2019\/07\/DSC_1200.jpg","width":1200,"height":630,"caption":"Van Gogh, La nuit \u00e9toil\u00e9e"},{"@type":"BreadcrumbList","@id":"https:\/\/www.lebeaukal.fr\/blog\/van-gogh-la-nuit-etoilee-a-latelier-des-lumieres\/#breadcrumb","itemListElement":[{"@type":"ListItem","position":1,"name":"Accueil","item":"https:\/\/www.lebeaukal.fr\/blog\/"},{"@type":"ListItem","position":2,"name":"Van Gogh, La nuit \u00e9toil\u00e9e \u00e0 l&rsquo;Atelier des Lumi\u00e8res"}]},{"@type":"WebSite","@id":"https:\/\/www.lebeaukal.fr\/blog\/#website","url":"https:\/\/www.lebeaukal.fr\/blog\/","name":"Les Bulles du BeauKal","description":"Le blog du studio photo Le BeauKal et informations sur la photo","publisher":{"@id":"https:\/\/www.lebeaukal.fr\/blog\/#organization"},"potentialAction":[{"@type":"SearchAction","target":{"@type":"EntryPoint","urlTemplate":"https:\/\/www.lebeaukal.fr\/blog\/?s={search_term_string}"},"query-input":{"@type":"PropertyValueSpecification","valueRequired":true,"valueName":"search_term_string"}}],"inLanguage":"fr-FR"},{"@type":"Organization","@id":"https:\/\/www.lebeaukal.fr\/blog\/#organization","name":"Le BeauKal","url":"https:\/\/www.lebeaukal.fr\/blog\/","logo":{"@type":"ImageObject","inLanguage":"fr-FR","@id":"https:\/\/www.lebeaukal.fr\/blog\/#\/schema\/logo\/image\/","url":"https:\/\/www.lebeaukal.fr\/blog\/wp-content\/uploads\/2017\/01\/LOGOBK2.jpg","contentUrl":"https:\/\/www.lebeaukal.fr\/blog\/wp-content\/uploads\/2017\/01\/LOGOBK2.jpg","width":500,"height":500,"caption":"Le BeauKal"},"image":{"@id":"https:\/\/www.lebeaukal.fr\/blog\/#\/schema\/logo\/image\/"},"sameAs":["https:\/\/www.facebook.com\/beaukalexperience\/","https:\/\/x.com\/LeBeaukal","https:\/\/www.instagram.com\/photographemontorgueil\/","https:\/\/www.linkedin.com\/in\/christiandebrossesphotographe\/"]},{"@type":"Person","@id":"https:\/\/www.lebeaukal.fr\/blog\/#\/schema\/person\/98c131ff4c5a3ec8104e930794adf33f","name":"ChristianBK","image":{"@type":"ImageObject","inLanguage":"fr-FR","@id":"https:\/\/www.lebeaukal.fr\/blog\/#\/schema\/person\/image\/","url":"https:\/\/secure.gravatar.com\/avatar\/c363618de0d3e7978149ed892cf0466777ea09234acdd07bafe30ab1a90d7e55?s=96&d=mm&r=g","contentUrl":"https:\/\/secure.gravatar.com\/avatar\/c363618de0d3e7978149ed892cf0466777ea09234acdd07bafe30ab1a90d7e55?s=96&d=mm&r=g","caption":"ChristianBK"}}]}},"uagb_featured_image_src":{"full":["https:\/\/www.lebeaukal.fr\/blog\/wp-content\/uploads\/2019\/07\/DSC_1200.jpg",1200,630,false],"thumbnail":["https:\/\/www.lebeaukal.fr\/blog\/wp-content\/uploads\/2019\/07\/DSC_1200-150x150.jpg",150,150,true],"medium":["https:\/\/www.lebeaukal.fr\/blog\/wp-content\/uploads\/2019\/07\/DSC_1200-300x158.jpg",300,158,true],"medium_large":["https:\/\/www.lebeaukal.fr\/blog\/wp-content\/uploads\/2019\/07\/DSC_1200-768x403.jpg",768,403,true],"large":["https:\/\/www.lebeaukal.fr\/blog\/wp-content\/uploads\/2019\/07\/DSC_1200-1024x538.jpg",1024,538,true],"slgf_12_thumb":["https:\/\/www.lebeaukal.fr\/blog\/wp-content\/uploads\/2019\/07\/DSC_1200-500x630.jpg",500,630,true],"slgf_346_thumb":["https:\/\/www.lebeaukal.fr\/blog\/wp-content\/uploads\/2019\/07\/DSC_1200-400x630.jpg",400,630,true],"slgf_12_same_size_thumb":["https:\/\/www.lebeaukal.fr\/blog\/wp-content\/uploads\/2019\/07\/DSC_1200-500x500.jpg",500,500,true],"slgf_346_same_size_thumb":["https:\/\/www.lebeaukal.fr\/blog\/wp-content\/uploads\/2019\/07\/DSC_1200-400x400.jpg",400,400,true],"rpg_gallery_admin_thumb":["https:\/\/www.lebeaukal.fr\/blog\/wp-content\/uploads\/2019\/07\/DSC_1200-150x150.jpg",150,150,true],"rpg_gallery_thumb":["https:\/\/www.lebeaukal.fr\/blog\/wp-content\/uploads\/2019\/07\/DSC_1200-150x150.jpg",150,150,true],"1536x1536":["https:\/\/www.lebeaukal.fr\/blog\/wp-content\/uploads\/2019\/07\/DSC_1200.jpg",1200,630,false],"2048x2048":["https:\/\/www.lebeaukal.fr\/blog\/wp-content\/uploads\/2019\/07\/DSC_1200.jpg",1200,630,false],"blog-large":["https:\/\/www.lebeaukal.fr\/blog\/wp-content\/uploads\/2019\/07\/DSC_1200-669x272.jpg",669,272,true],"blog-medium":["https:\/\/www.lebeaukal.fr\/blog\/wp-content\/uploads\/2019\/07\/DSC_1200-320x202.jpg",320,202,true],"recent-posts":["https:\/\/www.lebeaukal.fr\/blog\/wp-content\/uploads\/2019\/07\/DSC_1200-700x441.jpg",700,441,true],"recent-works-thumbnail":["https:\/\/www.lebeaukal.fr\/blog\/wp-content\/uploads\/2019\/07\/DSC_1200-66x66.jpg",66,66,true],"fusion-200":["https:\/\/www.lebeaukal.fr\/blog\/wp-content\/uploads\/2019\/07\/DSC_1200-200x105.jpg",200,105,true],"fusion-400":["https:\/\/www.lebeaukal.fr\/blog\/wp-content\/uploads\/2019\/07\/DSC_1200-400x210.jpg",400,210,true],"fusion-600":["https:\/\/www.lebeaukal.fr\/blog\/wp-content\/uploads\/2019\/07\/DSC_1200-600x315.jpg",600,315,true],"fusion-800":["https:\/\/www.lebeaukal.fr\/blog\/wp-content\/uploads\/2019\/07\/DSC_1200-800x420.jpg",800,420,true],"fusion-1200":["https:\/\/www.lebeaukal.fr\/blog\/wp-content\/uploads\/2019\/07\/DSC_1200-1200x630.jpg",1200,630,true],"portfolio-full":["https:\/\/www.lebeaukal.fr\/blog\/wp-content\/uploads\/2019\/07\/DSC_1200-940x400.jpg",940,400,true],"portfolio-one":["https:\/\/www.lebeaukal.fr\/blog\/wp-content\/uploads\/2019\/07\/DSC_1200-540x272.jpg",540,272,true],"portfolio-two":["https:\/\/www.lebeaukal.fr\/blog\/wp-content\/uploads\/2019\/07\/DSC_1200-460x295.jpg",460,295,true],"portfolio-three":["https:\/\/www.lebeaukal.fr\/blog\/wp-content\/uploads\/2019\/07\/DSC_1200-300x214.jpg",300,214,true],"portfolio-five":["https:\/\/www.lebeaukal.fr\/blog\/wp-content\/uploads\/2019\/07\/DSC_1200-177x142.jpg",177,142,true]},"uagb_author_info":{"display_name":"ChristianBK","author_link":"https:\/\/www.lebeaukal.fr\/blog\/author\/christianbk\/"},"uagb_comment_info":0,"uagb_excerpt":"Van Gogh, La nuit \u00e9toil\u00e9e \u00e0 l&rsquo;Atelier des Lumi\u00e8res Une cr\u00e9ation Gianfranco Iannuzzi &#8211; Renato Gatto &#8211; Massimiliano Siccardi &#8211; avec la collaboration musicale de Luca Longobardi Du 22 f\u00e9vrier au 31 d\u00e9cembre 2019","_links":{"self":[{"href":"https:\/\/www.lebeaukal.fr\/blog\/wp-json\/wp\/v2\/posts\/1508","targetHints":{"allow":["GET"]}}],"collection":[{"href":"https:\/\/www.lebeaukal.fr\/blog\/wp-json\/wp\/v2\/posts"}],"about":[{"href":"https:\/\/www.lebeaukal.fr\/blog\/wp-json\/wp\/v2\/types\/post"}],"author":[{"embeddable":true,"href":"https:\/\/www.lebeaukal.fr\/blog\/wp-json\/wp\/v2\/users\/1"}],"replies":[{"embeddable":true,"href":"https:\/\/www.lebeaukal.fr\/blog\/wp-json\/wp\/v2\/comments?post=1508"}],"version-history":[{"count":1,"href":"https:\/\/www.lebeaukal.fr\/blog\/wp-json\/wp\/v2\/posts\/1508\/revisions"}],"predecessor-version":[{"id":1510,"href":"https:\/\/www.lebeaukal.fr\/blog\/wp-json\/wp\/v2\/posts\/1508\/revisions\/1510"}],"wp:featuredmedia":[{"embeddable":true,"href":"https:\/\/www.lebeaukal.fr\/blog\/wp-json\/wp\/v2\/media\/1509"}],"wp:attachment":[{"href":"https:\/\/www.lebeaukal.fr\/blog\/wp-json\/wp\/v2\/media?parent=1508"}],"wp:term":[{"taxonomy":"category","embeddable":true,"href":"https:\/\/www.lebeaukal.fr\/blog\/wp-json\/wp\/v2\/categories?post=1508"},{"taxonomy":"post_tag","embeddable":true,"href":"https:\/\/www.lebeaukal.fr\/blog\/wp-json\/wp\/v2\/tags?post=1508"}],"curies":[{"name":"wp","href":"https:\/\/api.w.org\/{rel}","templated":true}]}}