{"id":1459,"date":"2018-08-12T09:08:39","date_gmt":"2018-08-12T07:08:39","guid":{"rendered":"https:\/\/www.lebeaukal.fr\/blog\/?p=1459"},"modified":"2025-05-20T10:52:48","modified_gmt":"2025-05-20T08:52:48","slug":"lete-des-portraits-2018-huitieme-biennale-europeenne-du-portrait-photographique","status":"publish","type":"post","link":"https:\/\/www.lebeaukal.fr\/blog\/lete-des-portraits-2018-huitieme-biennale-europeenne-du-portrait-photographique\/","title":{"rendered":"L\u2019\u00c9t\u00e9 des Portraits 2018 : huiti\u00e8me biennale  europ\u00e9enne du portrait photographique"},"content":{"rendered":"<div id=\"attachment_1460\" style=\"width: 310px\" class=\"wp-caption alignleft\"><a href=\"https:\/\/www.lebeaukal.fr\/blog\/wp-content\/uploads\/2018\/08\/edp2018.jpg\"><img decoding=\"async\" aria-describedby=\"caption-attachment-1460\" class=\"wp-image-1460 size-medium\" title=\"Christian de Brosses expose \u00e0 l\u2019\u00c9t\u00e9 des Portraits 2018\" src=\"https:\/\/www.lebeaukal.fr\/blog\/wp-content\/uploads\/2018\/08\/edp2018-300x300.jpg\" alt=\"Christian de Brosses expose \u00e0 l\u2019\u00c9t\u00e9 des Portraits 2018\" width=\"300\" height=\"300\" srcset=\"https:\/\/www.lebeaukal.fr\/blog\/wp-content\/uploads\/2018\/08\/edp2018-66x66.jpg 66w, https:\/\/www.lebeaukal.fr\/blog\/wp-content\/uploads\/2018\/08\/edp2018-150x150.jpg 150w, https:\/\/www.lebeaukal.fr\/blog\/wp-content\/uploads\/2018\/08\/edp2018-200x200.jpg 200w, https:\/\/www.lebeaukal.fr\/blog\/wp-content\/uploads\/2018\/08\/edp2018-300x300.jpg 300w, https:\/\/www.lebeaukal.fr\/blog\/wp-content\/uploads\/2018\/08\/edp2018-400x400.jpg 400w, https:\/\/www.lebeaukal.fr\/blog\/wp-content\/uploads\/2018\/08\/edp2018-500x500.jpg 500w, https:\/\/www.lebeaukal.fr\/blog\/wp-content\/uploads\/2018\/08\/edp2018-600x600.jpg 600w, https:\/\/www.lebeaukal.fr\/blog\/wp-content\/uploads\/2018\/08\/edp2018-768x768.jpg 768w, https:\/\/www.lebeaukal.fr\/blog\/wp-content\/uploads\/2018\/08\/edp2018-800x800.jpg 800w, https:\/\/www.lebeaukal.fr\/blog\/wp-content\/uploads\/2018\/08\/edp2018-1024x1024.jpg 1024w, https:\/\/www.lebeaukal.fr\/blog\/wp-content\/uploads\/2018\/08\/edp2018-1200x1200.jpg 1200w\" sizes=\"(max-width: 300px) 100vw, 300px\" \/><\/a><p id=\"caption-attachment-1460\" class=\"wp-caption-text\">Christian de Brosses expose \u00e0 l\u2019\u00c9t\u00e9 des Portraits 2018<\/p><\/div>\n<p><a href=\"https:\/\/www.letedesportraits.com\/edp-2018\"><img decoding=\"async\" class=\"aligncenter wp-image-296 size-full\" src=\"https:\/\/www.lebeaukal.fr\/blog\/wp-content\/uploads\/2015\/02\/DetailsArticle.png\" alt=\"D\u00e9tails de l'article\" width=\"229\" height=\"52\" srcset=\"https:\/\/www.lebeaukal.fr\/blog\/wp-content\/uploads\/2015\/02\/DetailsArticle-200x45.png 200w, https:\/\/www.lebeaukal.fr\/blog\/wp-content\/uploads\/2015\/02\/DetailsArticle.png 229w\" sizes=\"(max-width: 229px) 100vw, 229px\" \/><\/a><\/p>\n","protected":false},"excerpt":{"rendered":"","protected":false},"author":1,"featured_media":1460,"comment_status":"closed","ping_status":"open","sticky":false,"template":"","format":"standard","meta":{"_uag_custom_page_level_css":"","footnotes":""},"categories":[1312],"tags":[1130],"class_list":["post-1459","post","type-post","status-publish","format-standard","has-post-thumbnail","hentry","category-shootings-reportages-expositions","tag-ete-des-portraits"],"yoast_head":"<!-- This site is optimized with the Yoast SEO Premium plugin v26.4 (Yoast SEO v26.4) - https:\/\/yoast.com\/wordpress\/plugins\/seo\/ -->\n<title>L\u2019\u00c9t\u00e9 des Portraits 2018 : huiti\u00e8me biennale europ\u00e9enne du portrait photographique<\/title>\n<meta name=\"robots\" content=\"index, follow, max-snippet:-1, max-image-preview:large, max-video-preview:-1\" \/>\n<link rel=\"canonical\" href=\"https:\/\/www.lebeaukal.fr\/blog\/lete-des-portraits-2018-huitieme-biennale-europeenne-du-portrait-photographique\/\" \/>\n<meta property=\"og:locale\" content=\"fr_FR\" \/>\n<meta property=\"og:type\" content=\"article\" \/>\n<meta property=\"og:title\" content=\"L\u2019\u00c9t\u00e9 des Portraits 2018 : huiti\u00e8me biennale europ\u00e9enne du portrait photographique\" \/>\n<meta property=\"og:url\" content=\"https:\/\/www.lebeaukal.fr\/blog\/lete-des-portraits-2018-huitieme-biennale-europeenne-du-portrait-photographique\/\" \/>\n<meta property=\"og:site_name\" content=\"Les Bulles du BeauKal\" \/>\n<meta property=\"article:publisher\" content=\"https:\/\/www.facebook.com\/beaukalexperience\/\" \/>\n<meta property=\"article:published_time\" content=\"2018-08-12T07:08:39+00:00\" \/>\n<meta property=\"article:modified_time\" content=\"2025-05-20T08:52:48+00:00\" \/>\n<meta property=\"og:image\" content=\"https:\/\/www.lebeaukal.fr\/blog\/wp-content\/uploads\/2018\/08\/edp2018-1024x1024.jpg\" \/>\n\t<meta property=\"og:image:width\" content=\"1024\" \/>\n\t<meta property=\"og:image:height\" content=\"1024\" \/>\n\t<meta property=\"og:image:type\" content=\"image\/jpeg\" \/>\n<meta name=\"author\" content=\"ChristianBK\" \/>\n<meta name=\"twitter:card\" content=\"summary_large_image\" \/>\n<meta name=\"twitter:creator\" content=\"@LeBeaukal\" \/>\n<meta name=\"twitter:site\" content=\"@LeBeaukal\" \/>\n<meta name=\"twitter:label1\" content=\"\u00c9crit par\" \/>\n\t<meta name=\"twitter:data1\" content=\"ChristianBK\" \/>\n<script type=\"application\/ld+json\" class=\"yoast-schema-graph\">{\"@context\":\"https:\/\/schema.org\",\"@graph\":[{\"@type\":\"Article\",\"@id\":\"https:\/\/www.lebeaukal.fr\/blog\/lete-des-portraits-2018-huitieme-biennale-europeenne-du-portrait-photographique\/#article\",\"isPartOf\":{\"@id\":\"https:\/\/www.lebeaukal.fr\/blog\/lete-des-portraits-2018-huitieme-biennale-europeenne-du-portrait-photographique\/\"},\"author\":{\"name\":\"ChristianBK\",\"@id\":\"https:\/\/www.lebeaukal.fr\/blog\/#\/schema\/person\/98c131ff4c5a3ec8104e930794adf33f\"},\"headline\":\"L\u2019\u00c9t\u00e9 des Portraits 2018 : huiti\u00e8me biennale europ\u00e9enne du portrait photographique\",\"datePublished\":\"2018-08-12T07:08:39+00:00\",\"dateModified\":\"2025-05-20T08:52:48+00:00\",\"mainEntityOfPage\":{\"@id\":\"https:\/\/www.lebeaukal.fr\/blog\/lete-des-portraits-2018-huitieme-biennale-europeenne-du-portrait-photographique\/\"},\"wordCount\":27,\"publisher\":{\"@id\":\"https:\/\/www.lebeaukal.fr\/blog\/#organization\"},\"image\":{\"@id\":\"https:\/\/www.lebeaukal.fr\/blog\/lete-des-portraits-2018-huitieme-biennale-europeenne-du-portrait-photographique\/#primaryimage\"},\"thumbnailUrl\":\"https:\/\/www.lebeaukal.fr\/blog\/wp-content\/uploads\/2018\/08\/edp2018.jpg\",\"keywords\":[\"Ete des Portraits\"],\"articleSection\":[\"2. Shootings-Reportages-Expositions\"],\"inLanguage\":\"fr-FR\"},{\"@type\":\"WebPage\",\"@id\":\"https:\/\/www.lebeaukal.fr\/blog\/lete-des-portraits-2018-huitieme-biennale-europeenne-du-portrait-photographique\/\",\"url\":\"https:\/\/www.lebeaukal.fr\/blog\/lete-des-portraits-2018-huitieme-biennale-europeenne-du-portrait-photographique\/\",\"name\":\"L\u2019\u00c9t\u00e9 des Portraits 2018 : huiti\u00e8me biennale europ\u00e9enne du portrait photographique\",\"isPartOf\":{\"@id\":\"https:\/\/www.lebeaukal.fr\/blog\/#website\"},\"primaryImageOfPage\":{\"@id\":\"https:\/\/www.lebeaukal.fr\/blog\/lete-des-portraits-2018-huitieme-biennale-europeenne-du-portrait-photographique\/#primaryimage\"},\"image\":{\"@id\":\"https:\/\/www.lebeaukal.fr\/blog\/lete-des-portraits-2018-huitieme-biennale-europeenne-du-portrait-photographique\/#primaryimage\"},\"thumbnailUrl\":\"https:\/\/www.lebeaukal.fr\/blog\/wp-content\/uploads\/2018\/08\/edp2018.jpg\",\"datePublished\":\"2018-08-12T07:08:39+00:00\",\"dateModified\":\"2025-05-20T08:52:48+00:00\",\"breadcrumb\":{\"@id\":\"https:\/\/www.lebeaukal.fr\/blog\/lete-des-portraits-2018-huitieme-biennale-europeenne-du-portrait-photographique\/#breadcrumb\"},\"inLanguage\":\"fr-FR\",\"potentialAction\":[{\"@type\":\"ReadAction\",\"target\":[\"https:\/\/www.lebeaukal.fr\/blog\/lete-des-portraits-2018-huitieme-biennale-europeenne-du-portrait-photographique\/\"]}]},{\"@type\":\"ImageObject\",\"inLanguage\":\"fr-FR\",\"@id\":\"https:\/\/www.lebeaukal.fr\/blog\/lete-des-portraits-2018-huitieme-biennale-europeenne-du-portrait-photographique\/#primaryimage\",\"url\":\"https:\/\/www.lebeaukal.fr\/blog\/wp-content\/uploads\/2018\/08\/edp2018.jpg\",\"contentUrl\":\"https:\/\/www.lebeaukal.fr\/blog\/wp-content\/uploads\/2018\/08\/edp2018.jpg\",\"width\":2000,\"height\":2000,\"caption\":\"Christian de Brosses expose \u00e0 l\u2019\u00c9t\u00e9 des Portraits 2018\"},{\"@type\":\"BreadcrumbList\",\"@id\":\"https:\/\/www.lebeaukal.fr\/blog\/lete-des-portraits-2018-huitieme-biennale-europeenne-du-portrait-photographique\/#breadcrumb\",\"itemListElement\":[{\"@type\":\"ListItem\",\"position\":1,\"name\":\"Accueil\",\"item\":\"https:\/\/www.lebeaukal.fr\/blog\/\"},{\"@type\":\"ListItem\",\"position\":2,\"name\":\"L\u2019\u00c9t\u00e9 des Portraits 2018 : huiti\u00e8me biennale europ\u00e9enne du portrait photographique\"}]},{\"@type\":\"WebSite\",\"@id\":\"https:\/\/www.lebeaukal.fr\/blog\/#website\",\"url\":\"https:\/\/www.lebeaukal.fr\/blog\/\",\"name\":\"Les Bulles du BeauKal\",\"description\":\"Le blog du studio photo Le BeauKal et informations sur la photo\",\"publisher\":{\"@id\":\"https:\/\/www.lebeaukal.fr\/blog\/#organization\"},\"potentialAction\":[{\"@type\":\"SearchAction\",\"target\":{\"@type\":\"EntryPoint\",\"urlTemplate\":\"https:\/\/www.lebeaukal.fr\/blog\/?s={search_term_string}\"},\"query-input\":{\"@type\":\"PropertyValueSpecification\",\"valueRequired\":true,\"valueName\":\"search_term_string\"}}],\"inLanguage\":\"fr-FR\"},{\"@type\":\"Organization\",\"@id\":\"https:\/\/www.lebeaukal.fr\/blog\/#organization\",\"name\":\"Le BeauKal\",\"url\":\"https:\/\/www.lebeaukal.fr\/blog\/\",\"logo\":{\"@type\":\"ImageObject\",\"inLanguage\":\"fr-FR\",\"@id\":\"https:\/\/www.lebeaukal.fr\/blog\/#\/schema\/logo\/image\/\",\"url\":\"https:\/\/www.lebeaukal.fr\/blog\/wp-content\/uploads\/2017\/01\/LOGOBK2.jpg\",\"contentUrl\":\"https:\/\/www.lebeaukal.fr\/blog\/wp-content\/uploads\/2017\/01\/LOGOBK2.jpg\",\"width\":500,\"height\":500,\"caption\":\"Le BeauKal\"},\"image\":{\"@id\":\"https:\/\/www.lebeaukal.fr\/blog\/#\/schema\/logo\/image\/\"},\"sameAs\":[\"https:\/\/www.facebook.com\/beaukalexperience\/\",\"https:\/\/x.com\/LeBeaukal\",\"https:\/\/www.instagram.com\/photographemontorgueil\/\",\"https:\/\/www.linkedin.com\/in\/christiandebrossesphotographe\/\"]},{\"@type\":\"Person\",\"@id\":\"https:\/\/www.lebeaukal.fr\/blog\/#\/schema\/person\/98c131ff4c5a3ec8104e930794adf33f\",\"name\":\"ChristianBK\",\"image\":{\"@type\":\"ImageObject\",\"inLanguage\":\"fr-FR\",\"@id\":\"https:\/\/www.lebeaukal.fr\/blog\/#\/schema\/person\/image\/\",\"url\":\"https:\/\/secure.gravatar.com\/avatar\/c363618de0d3e7978149ed892cf0466777ea09234acdd07bafe30ab1a90d7e55?s=96&d=mm&r=g\",\"contentUrl\":\"https:\/\/secure.gravatar.com\/avatar\/c363618de0d3e7978149ed892cf0466777ea09234acdd07bafe30ab1a90d7e55?s=96&d=mm&r=g\",\"caption\":\"ChristianBK\"}}]}<\/script>\n<!-- \/ Yoast SEO Premium plugin. -->","yoast_head_json":{"title":"L\u2019\u00c9t\u00e9 des Portraits 2018 : huiti\u00e8me biennale europ\u00e9enne du portrait photographique","robots":{"index":"index","follow":"follow","max-snippet":"max-snippet:-1","max-image-preview":"max-image-preview:large","max-video-preview":"max-video-preview:-1"},"canonical":"https:\/\/www.lebeaukal.fr\/blog\/lete-des-portraits-2018-huitieme-biennale-europeenne-du-portrait-photographique\/","og_locale":"fr_FR","og_type":"article","og_title":"L\u2019\u00c9t\u00e9 des Portraits 2018 : huiti\u00e8me biennale europ\u00e9enne du portrait photographique","og_url":"https:\/\/www.lebeaukal.fr\/blog\/lete-des-portraits-2018-huitieme-biennale-europeenne-du-portrait-photographique\/","og_site_name":"Les Bulles du BeauKal","article_publisher":"https:\/\/www.facebook.com\/beaukalexperience\/","article_published_time":"2018-08-12T07:08:39+00:00","article_modified_time":"2025-05-20T08:52:48+00:00","og_image":[{"width":1024,"height":1024,"url":"https:\/\/www.lebeaukal.fr\/blog\/wp-content\/uploads\/2018\/08\/edp2018-1024x1024.jpg","type":"image\/jpeg"}],"author":"ChristianBK","twitter_card":"summary_large_image","twitter_creator":"@LeBeaukal","twitter_site":"@LeBeaukal","twitter_misc":{"\u00c9crit par":"ChristianBK"},"schema":{"@context":"https:\/\/schema.org","@graph":[{"@type":"Article","@id":"https:\/\/www.lebeaukal.fr\/blog\/lete-des-portraits-2018-huitieme-biennale-europeenne-du-portrait-photographique\/#article","isPartOf":{"@id":"https:\/\/www.lebeaukal.fr\/blog\/lete-des-portraits-2018-huitieme-biennale-europeenne-du-portrait-photographique\/"},"author":{"name":"ChristianBK","@id":"https:\/\/www.lebeaukal.fr\/blog\/#\/schema\/person\/98c131ff4c5a3ec8104e930794adf33f"},"headline":"L\u2019\u00c9t\u00e9 des Portraits 2018 : huiti\u00e8me biennale europ\u00e9enne du portrait photographique","datePublished":"2018-08-12T07:08:39+00:00","dateModified":"2025-05-20T08:52:48+00:00","mainEntityOfPage":{"@id":"https:\/\/www.lebeaukal.fr\/blog\/lete-des-portraits-2018-huitieme-biennale-europeenne-du-portrait-photographique\/"},"wordCount":27,"publisher":{"@id":"https:\/\/www.lebeaukal.fr\/blog\/#organization"},"image":{"@id":"https:\/\/www.lebeaukal.fr\/blog\/lete-des-portraits-2018-huitieme-biennale-europeenne-du-portrait-photographique\/#primaryimage"},"thumbnailUrl":"https:\/\/www.lebeaukal.fr\/blog\/wp-content\/uploads\/2018\/08\/edp2018.jpg","keywords":["Ete des Portraits"],"articleSection":["2. Shootings-Reportages-Expositions"],"inLanguage":"fr-FR"},{"@type":"WebPage","@id":"https:\/\/www.lebeaukal.fr\/blog\/lete-des-portraits-2018-huitieme-biennale-europeenne-du-portrait-photographique\/","url":"https:\/\/www.lebeaukal.fr\/blog\/lete-des-portraits-2018-huitieme-biennale-europeenne-du-portrait-photographique\/","name":"L\u2019\u00c9t\u00e9 des Portraits 2018 : huiti\u00e8me biennale europ\u00e9enne du portrait photographique","isPartOf":{"@id":"https:\/\/www.lebeaukal.fr\/blog\/#website"},"primaryImageOfPage":{"@id":"https:\/\/www.lebeaukal.fr\/blog\/lete-des-portraits-2018-huitieme-biennale-europeenne-du-portrait-photographique\/#primaryimage"},"image":{"@id":"https:\/\/www.lebeaukal.fr\/blog\/lete-des-portraits-2018-huitieme-biennale-europeenne-du-portrait-photographique\/#primaryimage"},"thumbnailUrl":"https:\/\/www.lebeaukal.fr\/blog\/wp-content\/uploads\/2018\/08\/edp2018.jpg","datePublished":"2018-08-12T07:08:39+00:00","dateModified":"2025-05-20T08:52:48+00:00","breadcrumb":{"@id":"https:\/\/www.lebeaukal.fr\/blog\/lete-des-portraits-2018-huitieme-biennale-europeenne-du-portrait-photographique\/#breadcrumb"},"inLanguage":"fr-FR","potentialAction":[{"@type":"ReadAction","target":["https:\/\/www.lebeaukal.fr\/blog\/lete-des-portraits-2018-huitieme-biennale-europeenne-du-portrait-photographique\/"]}]},{"@type":"ImageObject","inLanguage":"fr-FR","@id":"https:\/\/www.lebeaukal.fr\/blog\/lete-des-portraits-2018-huitieme-biennale-europeenne-du-portrait-photographique\/#primaryimage","url":"https:\/\/www.lebeaukal.fr\/blog\/wp-content\/uploads\/2018\/08\/edp2018.jpg","contentUrl":"https:\/\/www.lebeaukal.fr\/blog\/wp-content\/uploads\/2018\/08\/edp2018.jpg","width":2000,"height":2000,"caption":"Christian de Brosses expose \u00e0 l\u2019\u00c9t\u00e9 des Portraits 2018"},{"@type":"BreadcrumbList","@id":"https:\/\/www.lebeaukal.fr\/blog\/lete-des-portraits-2018-huitieme-biennale-europeenne-du-portrait-photographique\/#breadcrumb","itemListElement":[{"@type":"ListItem","position":1,"name":"Accueil","item":"https:\/\/www.lebeaukal.fr\/blog\/"},{"@type":"ListItem","position":2,"name":"L\u2019\u00c9t\u00e9 des Portraits 2018 : huiti\u00e8me biennale europ\u00e9enne du portrait photographique"}]},{"@type":"WebSite","@id":"https:\/\/www.lebeaukal.fr\/blog\/#website","url":"https:\/\/www.lebeaukal.fr\/blog\/","name":"Les Bulles du BeauKal","description":"Le blog du studio photo Le BeauKal et informations sur la photo","publisher":{"@id":"https:\/\/www.lebeaukal.fr\/blog\/#organization"},"potentialAction":[{"@type":"SearchAction","target":{"@type":"EntryPoint","urlTemplate":"https:\/\/www.lebeaukal.fr\/blog\/?s={search_term_string}"},"query-input":{"@type":"PropertyValueSpecification","valueRequired":true,"valueName":"search_term_string"}}],"inLanguage":"fr-FR"},{"@type":"Organization","@id":"https:\/\/www.lebeaukal.fr\/blog\/#organization","name":"Le BeauKal","url":"https:\/\/www.lebeaukal.fr\/blog\/","logo":{"@type":"ImageObject","inLanguage":"fr-FR","@id":"https:\/\/www.lebeaukal.fr\/blog\/#\/schema\/logo\/image\/","url":"https:\/\/www.lebeaukal.fr\/blog\/wp-content\/uploads\/2017\/01\/LOGOBK2.jpg","contentUrl":"https:\/\/www.lebeaukal.fr\/blog\/wp-content\/uploads\/2017\/01\/LOGOBK2.jpg","width":500,"height":500,"caption":"Le BeauKal"},"image":{"@id":"https:\/\/www.lebeaukal.fr\/blog\/#\/schema\/logo\/image\/"},"sameAs":["https:\/\/www.facebook.com\/beaukalexperience\/","https:\/\/x.com\/LeBeaukal","https:\/\/www.instagram.com\/photographemontorgueil\/","https:\/\/www.linkedin.com\/in\/christiandebrossesphotographe\/"]},{"@type":"Person","@id":"https:\/\/www.lebeaukal.fr\/blog\/#\/schema\/person\/98c131ff4c5a3ec8104e930794adf33f","name":"ChristianBK","image":{"@type":"ImageObject","inLanguage":"fr-FR","@id":"https:\/\/www.lebeaukal.fr\/blog\/#\/schema\/person\/image\/","url":"https:\/\/secure.gravatar.com\/avatar\/c363618de0d3e7978149ed892cf0466777ea09234acdd07bafe30ab1a90d7e55?s=96&d=mm&r=g","contentUrl":"https:\/\/secure.gravatar.com\/avatar\/c363618de0d3e7978149ed892cf0466777ea09234acdd07bafe30ab1a90d7e55?s=96&d=mm&r=g","caption":"ChristianBK"}}]}},"uagb_featured_image_src":{"full":["https:\/\/www.lebeaukal.fr\/blog\/wp-content\/uploads\/2018\/08\/edp2018.jpg",2000,2000,false],"thumbnail":["https:\/\/www.lebeaukal.fr\/blog\/wp-content\/uploads\/2018\/08\/edp2018-150x150.jpg",150,150,true],"medium":["https:\/\/www.lebeaukal.fr\/blog\/wp-content\/uploads\/2018\/08\/edp2018-300x300.jpg",300,300,true],"medium_large":["https:\/\/www.lebeaukal.fr\/blog\/wp-content\/uploads\/2018\/08\/edp2018-768x768.jpg",768,768,true],"large":["https:\/\/www.lebeaukal.fr\/blog\/wp-content\/uploads\/2018\/08\/edp2018-1024x1024.jpg",1024,1024,true],"slgf_12_thumb":["https:\/\/www.lebeaukal.fr\/blog\/wp-content\/uploads\/2018\/08\/edp2018-500x2000.jpg",500,2000,true],"slgf_346_thumb":["https:\/\/www.lebeaukal.fr\/blog\/wp-content\/uploads\/2018\/08\/edp2018-400x2000.jpg",400,2000,true],"slgf_12_same_size_thumb":["https:\/\/www.lebeaukal.fr\/blog\/wp-content\/uploads\/2018\/08\/edp2018-500x500.jpg",500,500,true],"slgf_346_same_size_thumb":["https:\/\/www.lebeaukal.fr\/blog\/wp-content\/uploads\/2018\/08\/edp2018-400x400.jpg",400,400,true],"rpg_gallery_admin_thumb":["https:\/\/www.lebeaukal.fr\/blog\/wp-content\/uploads\/2018\/08\/edp2018-150x150.jpg",150,150,true],"rpg_gallery_thumb":["https:\/\/www.lebeaukal.fr\/blog\/wp-content\/uploads\/2018\/08\/edp2018-150x150.jpg",150,150,true],"1536x1536":["https:\/\/www.lebeaukal.fr\/blog\/wp-content\/uploads\/2018\/08\/edp2018.jpg",1536,1536,false],"2048x2048":["https:\/\/www.lebeaukal.fr\/blog\/wp-content\/uploads\/2018\/08\/edp2018.jpg",2000,2000,false],"blog-large":["https:\/\/www.lebeaukal.fr\/blog\/wp-content\/uploads\/2018\/08\/edp2018-669x272.jpg",669,272,true],"blog-medium":["https:\/\/www.lebeaukal.fr\/blog\/wp-content\/uploads\/2018\/08\/edp2018-320x202.jpg",320,202,true],"recent-posts":["https:\/\/www.lebeaukal.fr\/blog\/wp-content\/uploads\/2018\/08\/edp2018-700x441.jpg",700,441,true],"recent-works-thumbnail":["https:\/\/www.lebeaukal.fr\/blog\/wp-content\/uploads\/2018\/08\/edp2018-66x66.jpg",66,66,true],"fusion-200":["https:\/\/www.lebeaukal.fr\/blog\/wp-content\/uploads\/2018\/08\/edp2018-200x200.jpg",200,200,true],"fusion-400":["https:\/\/www.lebeaukal.fr\/blog\/wp-content\/uploads\/2018\/08\/edp2018-400x400.jpg",400,400,true],"fusion-600":["https:\/\/www.lebeaukal.fr\/blog\/wp-content\/uploads\/2018\/08\/edp2018-600x600.jpg",600,600,true],"fusion-800":["https:\/\/www.lebeaukal.fr\/blog\/wp-content\/uploads\/2018\/08\/edp2018-800x800.jpg",800,800,true],"fusion-1200":["https:\/\/www.lebeaukal.fr\/blog\/wp-content\/uploads\/2018\/08\/edp2018-1200x1200.jpg",1200,1200,true],"portfolio-full":["https:\/\/www.lebeaukal.fr\/blog\/wp-content\/uploads\/2018\/08\/edp2018-940x400.jpg",940,400,true],"portfolio-one":["https:\/\/www.lebeaukal.fr\/blog\/wp-content\/uploads\/2018\/08\/edp2018-540x272.jpg",540,272,true],"portfolio-two":["https:\/\/www.lebeaukal.fr\/blog\/wp-content\/uploads\/2018\/08\/edp2018-460x295.jpg",460,295,true],"portfolio-three":["https:\/\/www.lebeaukal.fr\/blog\/wp-content\/uploads\/2018\/08\/edp2018-300x214.jpg",300,214,true],"portfolio-five":["https:\/\/www.lebeaukal.fr\/blog\/wp-content\/uploads\/2018\/08\/edp2018-177x142.jpg",177,142,true]},"uagb_author_info":{"display_name":"ChristianBK","author_link":"https:\/\/www.lebeaukal.fr\/blog\/author\/christianbk\/"},"uagb_comment_info":0,"uagb_excerpt":null,"_links":{"self":[{"href":"https:\/\/www.lebeaukal.fr\/blog\/wp-json\/wp\/v2\/posts\/1459","targetHints":{"allow":["GET"]}}],"collection":[{"href":"https:\/\/www.lebeaukal.fr\/blog\/wp-json\/wp\/v2\/posts"}],"about":[{"href":"https:\/\/www.lebeaukal.fr\/blog\/wp-json\/wp\/v2\/types\/post"}],"author":[{"embeddable":true,"href":"https:\/\/www.lebeaukal.fr\/blog\/wp-json\/wp\/v2\/users\/1"}],"replies":[{"embeddable":true,"href":"https:\/\/www.lebeaukal.fr\/blog\/wp-json\/wp\/v2\/comments?post=1459"}],"version-history":[{"count":1,"href":"https:\/\/www.lebeaukal.fr\/blog\/wp-json\/wp\/v2\/posts\/1459\/revisions"}],"predecessor-version":[{"id":1461,"href":"https:\/\/www.lebeaukal.fr\/blog\/wp-json\/wp\/v2\/posts\/1459\/revisions\/1461"}],"wp:featuredmedia":[{"embeddable":true,"href":"https:\/\/www.lebeaukal.fr\/blog\/wp-json\/wp\/v2\/media\/1460"}],"wp:attachment":[{"href":"https:\/\/www.lebeaukal.fr\/blog\/wp-json\/wp\/v2\/media?parent=1459"}],"wp:term":[{"taxonomy":"category","embeddable":true,"href":"https:\/\/www.lebeaukal.fr\/blog\/wp-json\/wp\/v2\/categories?post=1459"},{"taxonomy":"post_tag","embeddable":true,"href":"https:\/\/www.lebeaukal.fr\/blog\/wp-json\/wp\/v2\/tags?post=1459"}],"curies":[{"name":"wp","href":"https:\/\/api.w.org\/{rel}","templated":true}]}}