{"id":1401,"date":"2018-06-27T20:30:30","date_gmt":"2018-06-27T18:30:30","guid":{"rendered":"http:\/\/www.lebeaukal.fr\/blog\/?p=1401"},"modified":"2025-05-19T19:55:21","modified_gmt":"2025-05-19T17:55:21","slug":"un-artiste-qui-vend-ses-photos-dans-la-rue-cela-nenchante-pas-les-bouquinistes","status":"publish","type":"post","link":"https:\/\/www.lebeaukal.fr\/blog\/un-artiste-qui-vend-ses-photos-dans-la-rue-cela-nenchante-pas-les-bouquinistes\/","title":{"rendered":"Un artiste qui vend ses photos dans la rue cela n&rsquo;enchante pas les bouquinistes"},"content":{"rendered":"<div id=\"attachment_1407\" style=\"width: 360px\" class=\"wp-caption alignleft\"><a href=\"https:\/\/www.lebeaukal.fr\/blog\/un-artiste-qui-vend-ses-photos-dans-la-rue-cela-nenchante-pas-les-bouquinistes\/img_0015b\/\"><img decoding=\"async\" aria-describedby=\"caption-attachment-1407\" class=\"wp-image-1407\" src=\"http:\/\/www.lebeaukal.fr\/blog\/wp-content\/uploads\/2018\/06\/IMG_0015b-207x300.jpg\" alt=\"Christian de Brosses, un artiste qui vend ses photos dans la rue.\" width=\"350\" height=\"507\" srcset=\"https:\/\/www.lebeaukal.fr\/blog\/wp-content\/uploads\/2018\/06\/IMG_0015b-200x290.jpg 200w, https:\/\/www.lebeaukal.fr\/blog\/wp-content\/uploads\/2018\/06\/IMG_0015b-207x300.jpg 207w, https:\/\/www.lebeaukal.fr\/blog\/wp-content\/uploads\/2018\/06\/IMG_0015b-400x580.jpg 400w, https:\/\/www.lebeaukal.fr\/blog\/wp-content\/uploads\/2018\/06\/IMG_0015b-600x870.jpg 600w, https:\/\/www.lebeaukal.fr\/blog\/wp-content\/uploads\/2018\/06\/IMG_0015b.jpg 621w\" sizes=\"(max-width: 350px) 100vw, 350px\" \/><\/a><p id=\"caption-attachment-1407\" class=\"wp-caption-text\">Christian de Brosses, un artiste qui vend ses photos dans la rue.<\/p><\/div>\n<p><strong>Introduction<\/strong><\/p>\n<p>Dans le coin de Notre Dame, on peut croiser le\u00a0photographe Christian de Brosses, un artiste qui vend ses photos dans la rue. Malheureusement pas devant car le parvis de la cath\u00e9drale est soumis \u00e0 des r\u00e8gles particuli\u00e8rement strictes. Des petits groupes en civil ou en uniforme sont charg\u00e9s d&rsquo;expliquer et de faire respecter les r\u00e8gles applicables dans ce p\u00e9rim\u00e8tre.<\/p>\n<p>Apr\u00e8s avoir expos\u00e9 au Carrousel du Louvre ses \u0153uvres\u00a0<a href=\"https:\/\/www.christiandebrosses.com\/galeries\/women-warriors\/index.html\"><strong><span style=\"color: #0000ff;\">Women Warriors<\/span><\/strong><\/a> Christian souhaite se confronter \u00e0 l&rsquo;\u0153il du passant, du touriste.<\/p>\n<p><strong>Mon exp\u00e9rience<\/strong><\/p>\n<p>L&rsquo;accueil des bouquinistes n&rsquo;a pas \u00e9t\u00e9 chaleureux, ils me voyaient comme un concurrent, m\u00eame avec un sujet qui pouvait \u00eatre identique, le traitement, le support, l&rsquo;originalit\u00e9, en rien ce que je propose n&rsquo;\u00e9tait comparable. C&rsquo;est un peu comme si McDonald&rsquo;s avait peur qu&rsquo;un chef \u00e9toil\u00e9 s&rsquo;installe \u00e0 c\u00f4t\u00e9 de leur enseigne. \ud83d\ude09<\/p>\n<p>\u00ab\u00a0Monsieur, nous n&rsquo;avons jamais laiss\u00e9 s&rsquo;installer quiconque ici et vous n&rsquo;allez pas cr\u00e9er un pr\u00e9c\u00e9dent\u00a0\u00bb !<\/p>\n<p>Un artiste qui vend ses photos dans la rue est donc mal per\u00e7u par le business en place !<\/p>\n<p>Il est vrai que les touristes semblaient intrigu\u00e9s par cette nouvelle proposition de vues de Paris originales par rapport aux cartes expos\u00e9es chez les bouquinistes qui doivent toutes venir du m\u00eame fournisseur.<\/p>\n<p>L&rsquo;originalit\u00e9 fait peur dans ce monde monotone.<\/p>\n<p>&nbsp;<\/p>\n<p>&nbsp;<\/p>\n<p><strong>L&rsquo;originalit\u00e9 en cadeau !<\/strong><\/p>\n<p>En rentrant dans mon studio de photographie Le BeauKal, je me suis demand\u00e9 pourquoi ces photos imprim\u00e9es sur du Bois MDF seraient exclusivement r\u00e9serv\u00e9es aux touristes.<\/p>\n<p>Ces tableaux au prix modique constituent <strong>une id\u00e9e originale de cadeau pour No\u00ebl tout en soutenant\u00a0un artisan.<\/strong><\/p>\n<p>Je les propose donc \u00e0 la vente au studio.<\/p>\n<h3>Vous pouvez en avoir un aper\u00e7u sur cette galerie <a href=\"https:\/\/www.lebeaukal.fr\/data\/NEWGAL\/GalTableaux\/index.html\"><strong><span style=\"color: #0000ff;\">en cliquant ICI<\/span><\/strong><\/a><\/h3>\n<p>Je vous souhaite un bonne visite virtuelle et qui sait, peut-\u00eatre une rencontre dans les rues de la capitale.<\/p>\n<p><strong>En savoir plus sur le proc\u00e9d\u00e9 utilis\u00e9<\/strong><\/p>\n<p><strong>* Support :<\/strong> Bois type M.D.F.<\/p>\n<p><strong>* \u00c9paisseur :<\/strong> 8 mm,.<\/p>\n<p>* <strong>Dimensions : <\/strong>Dimension de 30 x 30 cm.<\/p>\n<p><strong>* Dos du cadre et bords peints : Blanc.<\/strong><\/p>\n<p><strong>* Protection :\u00a0<\/strong>\u00a0Film lustr\u00e9 50 micro avec traitement ultraviolet,<\/p>\n<p>&#8211; Ne laisse pas de marques de doigts, ni de nettoyage,<\/p>\n<p>&#8211; Anti-humidit\u00e9, \u00e9vite la formation de moisissure,<\/p>\n<p>&#8211; Evite les marques de nicotine et de graisse.<\/p>\n<p>* <strong>Entretien :<\/strong><\/p>\n<p>&#8211; Eau (chiffon humide),<\/p>\n<p>&#8211; Produits \u00e0 vitre,<\/p>\n<p>&#8211; Alcool,<\/p>\n<p>&#8211; Jamais d\u2019ac\u00e9tone.<\/p>\n<p>&nbsp;<\/p>\n<p>&nbsp;<\/p>\n<p>&nbsp;<\/p>\n","protected":false},"excerpt":{"rendered":"<p>Introduction Dans le coin de Notre Dame, on peut croiser le\u00a0photographe Christian de Brosses, un artiste qui vend ses photos dans la rue. Malheureusement pas devant car le parvis de la cath\u00e9drale est soumis \u00e0 des r\u00e8gles particuli\u00e8rement strictes. Des petits groupes en civil ou en uniforme sont charg\u00e9s d&rsquo;expliquer et de faire respecter les [&hellip;]<\/p>\n","protected":false},"author":1,"featured_media":1407,"comment_status":"closed","ping_status":"open","sticky":false,"template":"","format":"image","meta":{"_uag_custom_page_level_css":"","footnotes":""},"categories":[1315],"tags":[],"class_list":["post-1401","post","type-post","status-publish","format-image","has-post-thumbnail","hentry","category-carnet-du-beaukal","post_format-post-format-image"],"yoast_head":"<!-- This site is optimized with the Yoast SEO Premium plugin v26.4 (Yoast SEO v26.4) - https:\/\/yoast.com\/wordpress\/plugins\/seo\/ -->\n<title>Un artiste qui vend ses photos dans la rue cela n&#039;enchante pas les bouquinistes<\/title>\n<meta name=\"description\" content=\"Le photographe Christian de Brosses est un artiste qui vend ses photos dans la rue.\" \/>\n<meta name=\"robots\" content=\"index, follow, max-snippet:-1, max-image-preview:large, max-video-preview:-1\" \/>\n<link rel=\"canonical\" href=\"https:\/\/www.lebeaukal.fr\/blog\/un-artiste-qui-vend-ses-photos-dans-la-rue-cela-nenchante-pas-les-bouquinistes\/\" \/>\n<meta property=\"og:locale\" content=\"fr_FR\" \/>\n<meta property=\"og:type\" content=\"article\" \/>\n<meta property=\"og:title\" content=\"Un artiste qui vend ses photos dans la rue cela n&#039;enchante pas les bouquinistes\" \/>\n<meta property=\"og:description\" content=\"Le photographe Christian de Brosses est un artiste qui vend ses photos dans la rue.\" \/>\n<meta property=\"og:url\" content=\"https:\/\/www.lebeaukal.fr\/blog\/un-artiste-qui-vend-ses-photos-dans-la-rue-cela-nenchante-pas-les-bouquinistes\/\" \/>\n<meta property=\"og:site_name\" content=\"Les Bulles du BeauKal\" \/>\n<meta property=\"article:publisher\" content=\"https:\/\/www.facebook.com\/beaukalexperience\/\" \/>\n<meta property=\"article:published_time\" content=\"2018-06-27T18:30:30+00:00\" \/>\n<meta property=\"article:modified_time\" content=\"2025-05-19T17:55:21+00:00\" \/>\n<meta property=\"og:image\" content=\"https:\/\/www.lebeaukal.fr\/blog\/wp-content\/uploads\/2018\/06\/IMG_0015b.jpg\" \/>\n\t<meta property=\"og:image:width\" content=\"621\" \/>\n\t<meta property=\"og:image:height\" content=\"900\" \/>\n\t<meta property=\"og:image:type\" content=\"image\/jpeg\" \/>\n<meta name=\"author\" content=\"ChristianBK\" \/>\n<meta name=\"twitter:card\" content=\"summary_large_image\" \/>\n<meta name=\"twitter:creator\" content=\"@LeBeaukal\" \/>\n<meta name=\"twitter:site\" content=\"@LeBeaukal\" \/>\n<meta name=\"twitter:label1\" content=\"\u00c9crit par\" \/>\n\t<meta name=\"twitter:data1\" content=\"ChristianBK\" \/>\n\t<meta name=\"twitter:label2\" content=\"Dur\u00e9e de lecture estim\u00e9e\" \/>\n\t<meta name=\"twitter:data2\" content=\"2 minutes\" \/>\n<script type=\"application\/ld+json\" class=\"yoast-schema-graph\">{\"@context\":\"https:\/\/schema.org\",\"@graph\":[{\"@type\":\"Article\",\"@id\":\"https:\/\/www.lebeaukal.fr\/blog\/un-artiste-qui-vend-ses-photos-dans-la-rue-cela-nenchante-pas-les-bouquinistes\/#article\",\"isPartOf\":{\"@id\":\"https:\/\/www.lebeaukal.fr\/blog\/un-artiste-qui-vend-ses-photos-dans-la-rue-cela-nenchante-pas-les-bouquinistes\/\"},\"author\":{\"name\":\"ChristianBK\",\"@id\":\"https:\/\/www.lebeaukal.fr\/blog\/#\/schema\/person\/98c131ff4c5a3ec8104e930794adf33f\"},\"headline\":\"Un artiste qui vend ses photos dans la rue cela n&rsquo;enchante pas les bouquinistes\",\"datePublished\":\"2018-06-27T18:30:30+00:00\",\"dateModified\":\"2025-05-19T17:55:21+00:00\",\"mainEntityOfPage\":{\"@id\":\"https:\/\/www.lebeaukal.fr\/blog\/un-artiste-qui-vend-ses-photos-dans-la-rue-cela-nenchante-pas-les-bouquinistes\/\"},\"wordCount\":446,\"publisher\":{\"@id\":\"https:\/\/www.lebeaukal.fr\/blog\/#organization\"},\"image\":{\"@id\":\"https:\/\/www.lebeaukal.fr\/blog\/un-artiste-qui-vend-ses-photos-dans-la-rue-cela-nenchante-pas-les-bouquinistes\/#primaryimage\"},\"thumbnailUrl\":\"https:\/\/www.lebeaukal.fr\/blog\/wp-content\/uploads\/2018\/06\/IMG_0015b.jpg\",\"articleSection\":[\"5. Carnet du BeauKal-PDV\"],\"inLanguage\":\"fr-FR\"},{\"@type\":\"WebPage\",\"@id\":\"https:\/\/www.lebeaukal.fr\/blog\/un-artiste-qui-vend-ses-photos-dans-la-rue-cela-nenchante-pas-les-bouquinistes\/\",\"url\":\"https:\/\/www.lebeaukal.fr\/blog\/un-artiste-qui-vend-ses-photos-dans-la-rue-cela-nenchante-pas-les-bouquinistes\/\",\"name\":\"Un artiste qui vend ses photos dans la rue cela n'enchante pas les bouquinistes\",\"isPartOf\":{\"@id\":\"https:\/\/www.lebeaukal.fr\/blog\/#website\"},\"primaryImageOfPage\":{\"@id\":\"https:\/\/www.lebeaukal.fr\/blog\/un-artiste-qui-vend-ses-photos-dans-la-rue-cela-nenchante-pas-les-bouquinistes\/#primaryimage\"},\"image\":{\"@id\":\"https:\/\/www.lebeaukal.fr\/blog\/un-artiste-qui-vend-ses-photos-dans-la-rue-cela-nenchante-pas-les-bouquinistes\/#primaryimage\"},\"thumbnailUrl\":\"https:\/\/www.lebeaukal.fr\/blog\/wp-content\/uploads\/2018\/06\/IMG_0015b.jpg\",\"datePublished\":\"2018-06-27T18:30:30+00:00\",\"dateModified\":\"2025-05-19T17:55:21+00:00\",\"description\":\"Le photographe Christian de Brosses est un artiste qui vend ses photos dans la rue.\",\"breadcrumb\":{\"@id\":\"https:\/\/www.lebeaukal.fr\/blog\/un-artiste-qui-vend-ses-photos-dans-la-rue-cela-nenchante-pas-les-bouquinistes\/#breadcrumb\"},\"inLanguage\":\"fr-FR\",\"potentialAction\":[{\"@type\":\"ReadAction\",\"target\":[\"https:\/\/www.lebeaukal.fr\/blog\/un-artiste-qui-vend-ses-photos-dans-la-rue-cela-nenchante-pas-les-bouquinistes\/\"]}]},{\"@type\":\"ImageObject\",\"inLanguage\":\"fr-FR\",\"@id\":\"https:\/\/www.lebeaukal.fr\/blog\/un-artiste-qui-vend-ses-photos-dans-la-rue-cela-nenchante-pas-les-bouquinistes\/#primaryimage\",\"url\":\"https:\/\/www.lebeaukal.fr\/blog\/wp-content\/uploads\/2018\/06\/IMG_0015b.jpg\",\"contentUrl\":\"https:\/\/www.lebeaukal.fr\/blog\/wp-content\/uploads\/2018\/06\/IMG_0015b.jpg\",\"width\":621,\"height\":900,\"caption\":\"Christian de Brosses, un artiste qui vend ses photos dans la rue.\"},{\"@type\":\"BreadcrumbList\",\"@id\":\"https:\/\/www.lebeaukal.fr\/blog\/un-artiste-qui-vend-ses-photos-dans-la-rue-cela-nenchante-pas-les-bouquinistes\/#breadcrumb\",\"itemListElement\":[{\"@type\":\"ListItem\",\"position\":1,\"name\":\"Accueil\",\"item\":\"https:\/\/www.lebeaukal.fr\/blog\/\"},{\"@type\":\"ListItem\",\"position\":2,\"name\":\"Un artiste qui vend ses photos dans la rue cela n&rsquo;enchante pas les bouquinistes\"}]},{\"@type\":\"WebSite\",\"@id\":\"https:\/\/www.lebeaukal.fr\/blog\/#website\",\"url\":\"https:\/\/www.lebeaukal.fr\/blog\/\",\"name\":\"Les Bulles du BeauKal\",\"description\":\"Le blog du studio photo Le BeauKal et informations sur la photo\",\"publisher\":{\"@id\":\"https:\/\/www.lebeaukal.fr\/blog\/#organization\"},\"potentialAction\":[{\"@type\":\"SearchAction\",\"target\":{\"@type\":\"EntryPoint\",\"urlTemplate\":\"https:\/\/www.lebeaukal.fr\/blog\/?s={search_term_string}\"},\"query-input\":{\"@type\":\"PropertyValueSpecification\",\"valueRequired\":true,\"valueName\":\"search_term_string\"}}],\"inLanguage\":\"fr-FR\"},{\"@type\":\"Organization\",\"@id\":\"https:\/\/www.lebeaukal.fr\/blog\/#organization\",\"name\":\"Le BeauKal\",\"url\":\"https:\/\/www.lebeaukal.fr\/blog\/\",\"logo\":{\"@type\":\"ImageObject\",\"inLanguage\":\"fr-FR\",\"@id\":\"https:\/\/www.lebeaukal.fr\/blog\/#\/schema\/logo\/image\/\",\"url\":\"https:\/\/www.lebeaukal.fr\/blog\/wp-content\/uploads\/2017\/01\/LOGOBK2.jpg\",\"contentUrl\":\"https:\/\/www.lebeaukal.fr\/blog\/wp-content\/uploads\/2017\/01\/LOGOBK2.jpg\",\"width\":500,\"height\":500,\"caption\":\"Le BeauKal\"},\"image\":{\"@id\":\"https:\/\/www.lebeaukal.fr\/blog\/#\/schema\/logo\/image\/\"},\"sameAs\":[\"https:\/\/www.facebook.com\/beaukalexperience\/\",\"https:\/\/x.com\/LeBeaukal\",\"https:\/\/www.instagram.com\/photographemontorgueil\/\",\"https:\/\/www.linkedin.com\/in\/christiandebrossesphotographe\/\"]},{\"@type\":\"Person\",\"@id\":\"https:\/\/www.lebeaukal.fr\/blog\/#\/schema\/person\/98c131ff4c5a3ec8104e930794adf33f\",\"name\":\"ChristianBK\",\"image\":{\"@type\":\"ImageObject\",\"inLanguage\":\"fr-FR\",\"@id\":\"https:\/\/www.lebeaukal.fr\/blog\/#\/schema\/person\/image\/\",\"url\":\"https:\/\/secure.gravatar.com\/avatar\/c363618de0d3e7978149ed892cf0466777ea09234acdd07bafe30ab1a90d7e55?s=96&d=mm&r=g\",\"contentUrl\":\"https:\/\/secure.gravatar.com\/avatar\/c363618de0d3e7978149ed892cf0466777ea09234acdd07bafe30ab1a90d7e55?s=96&d=mm&r=g\",\"caption\":\"ChristianBK\"}}]}<\/script>\n<!-- \/ Yoast SEO Premium plugin. -->","yoast_head_json":{"title":"Un artiste qui vend ses photos dans la rue cela n'enchante pas les bouquinistes","description":"Le photographe Christian de Brosses est un artiste qui vend ses photos dans la rue.","robots":{"index":"index","follow":"follow","max-snippet":"max-snippet:-1","max-image-preview":"max-image-preview:large","max-video-preview":"max-video-preview:-1"},"canonical":"https:\/\/www.lebeaukal.fr\/blog\/un-artiste-qui-vend-ses-photos-dans-la-rue-cela-nenchante-pas-les-bouquinistes\/","og_locale":"fr_FR","og_type":"article","og_title":"Un artiste qui vend ses photos dans la rue cela n'enchante pas les bouquinistes","og_description":"Le photographe Christian de Brosses est un artiste qui vend ses photos dans la rue.","og_url":"https:\/\/www.lebeaukal.fr\/blog\/un-artiste-qui-vend-ses-photos-dans-la-rue-cela-nenchante-pas-les-bouquinistes\/","og_site_name":"Les Bulles du BeauKal","article_publisher":"https:\/\/www.facebook.com\/beaukalexperience\/","article_published_time":"2018-06-27T18:30:30+00:00","article_modified_time":"2025-05-19T17:55:21+00:00","og_image":[{"width":621,"height":900,"url":"https:\/\/www.lebeaukal.fr\/blog\/wp-content\/uploads\/2018\/06\/IMG_0015b.jpg","type":"image\/jpeg"}],"author":"ChristianBK","twitter_card":"summary_large_image","twitter_creator":"@LeBeaukal","twitter_site":"@LeBeaukal","twitter_misc":{"\u00c9crit par":"ChristianBK","Dur\u00e9e de lecture estim\u00e9e":"2 minutes"},"schema":{"@context":"https:\/\/schema.org","@graph":[{"@type":"Article","@id":"https:\/\/www.lebeaukal.fr\/blog\/un-artiste-qui-vend-ses-photos-dans-la-rue-cela-nenchante-pas-les-bouquinistes\/#article","isPartOf":{"@id":"https:\/\/www.lebeaukal.fr\/blog\/un-artiste-qui-vend-ses-photos-dans-la-rue-cela-nenchante-pas-les-bouquinistes\/"},"author":{"name":"ChristianBK","@id":"https:\/\/www.lebeaukal.fr\/blog\/#\/schema\/person\/98c131ff4c5a3ec8104e930794adf33f"},"headline":"Un artiste qui vend ses photos dans la rue cela n&rsquo;enchante pas les bouquinistes","datePublished":"2018-06-27T18:30:30+00:00","dateModified":"2025-05-19T17:55:21+00:00","mainEntityOfPage":{"@id":"https:\/\/www.lebeaukal.fr\/blog\/un-artiste-qui-vend-ses-photos-dans-la-rue-cela-nenchante-pas-les-bouquinistes\/"},"wordCount":446,"publisher":{"@id":"https:\/\/www.lebeaukal.fr\/blog\/#organization"},"image":{"@id":"https:\/\/www.lebeaukal.fr\/blog\/un-artiste-qui-vend-ses-photos-dans-la-rue-cela-nenchante-pas-les-bouquinistes\/#primaryimage"},"thumbnailUrl":"https:\/\/www.lebeaukal.fr\/blog\/wp-content\/uploads\/2018\/06\/IMG_0015b.jpg","articleSection":["5. Carnet du BeauKal-PDV"],"inLanguage":"fr-FR"},{"@type":"WebPage","@id":"https:\/\/www.lebeaukal.fr\/blog\/un-artiste-qui-vend-ses-photos-dans-la-rue-cela-nenchante-pas-les-bouquinistes\/","url":"https:\/\/www.lebeaukal.fr\/blog\/un-artiste-qui-vend-ses-photos-dans-la-rue-cela-nenchante-pas-les-bouquinistes\/","name":"Un artiste qui vend ses photos dans la rue cela n'enchante pas les bouquinistes","isPartOf":{"@id":"https:\/\/www.lebeaukal.fr\/blog\/#website"},"primaryImageOfPage":{"@id":"https:\/\/www.lebeaukal.fr\/blog\/un-artiste-qui-vend-ses-photos-dans-la-rue-cela-nenchante-pas-les-bouquinistes\/#primaryimage"},"image":{"@id":"https:\/\/www.lebeaukal.fr\/blog\/un-artiste-qui-vend-ses-photos-dans-la-rue-cela-nenchante-pas-les-bouquinistes\/#primaryimage"},"thumbnailUrl":"https:\/\/www.lebeaukal.fr\/blog\/wp-content\/uploads\/2018\/06\/IMG_0015b.jpg","datePublished":"2018-06-27T18:30:30+00:00","dateModified":"2025-05-19T17:55:21+00:00","description":"Le photographe Christian de Brosses est un artiste qui vend ses photos dans la rue.","breadcrumb":{"@id":"https:\/\/www.lebeaukal.fr\/blog\/un-artiste-qui-vend-ses-photos-dans-la-rue-cela-nenchante-pas-les-bouquinistes\/#breadcrumb"},"inLanguage":"fr-FR","potentialAction":[{"@type":"ReadAction","target":["https:\/\/www.lebeaukal.fr\/blog\/un-artiste-qui-vend-ses-photos-dans-la-rue-cela-nenchante-pas-les-bouquinistes\/"]}]},{"@type":"ImageObject","inLanguage":"fr-FR","@id":"https:\/\/www.lebeaukal.fr\/blog\/un-artiste-qui-vend-ses-photos-dans-la-rue-cela-nenchante-pas-les-bouquinistes\/#primaryimage","url":"https:\/\/www.lebeaukal.fr\/blog\/wp-content\/uploads\/2018\/06\/IMG_0015b.jpg","contentUrl":"https:\/\/www.lebeaukal.fr\/blog\/wp-content\/uploads\/2018\/06\/IMG_0015b.jpg","width":621,"height":900,"caption":"Christian de Brosses, un artiste qui vend ses photos dans la rue."},{"@type":"BreadcrumbList","@id":"https:\/\/www.lebeaukal.fr\/blog\/un-artiste-qui-vend-ses-photos-dans-la-rue-cela-nenchante-pas-les-bouquinistes\/#breadcrumb","itemListElement":[{"@type":"ListItem","position":1,"name":"Accueil","item":"https:\/\/www.lebeaukal.fr\/blog\/"},{"@type":"ListItem","position":2,"name":"Un artiste qui vend ses photos dans la rue cela n&rsquo;enchante pas les bouquinistes"}]},{"@type":"WebSite","@id":"https:\/\/www.lebeaukal.fr\/blog\/#website","url":"https:\/\/www.lebeaukal.fr\/blog\/","name":"Les Bulles du BeauKal","description":"Le blog du studio photo Le BeauKal et informations sur la photo","publisher":{"@id":"https:\/\/www.lebeaukal.fr\/blog\/#organization"},"potentialAction":[{"@type":"SearchAction","target":{"@type":"EntryPoint","urlTemplate":"https:\/\/www.lebeaukal.fr\/blog\/?s={search_term_string}"},"query-input":{"@type":"PropertyValueSpecification","valueRequired":true,"valueName":"search_term_string"}}],"inLanguage":"fr-FR"},{"@type":"Organization","@id":"https:\/\/www.lebeaukal.fr\/blog\/#organization","name":"Le BeauKal","url":"https:\/\/www.lebeaukal.fr\/blog\/","logo":{"@type":"ImageObject","inLanguage":"fr-FR","@id":"https:\/\/www.lebeaukal.fr\/blog\/#\/schema\/logo\/image\/","url":"https:\/\/www.lebeaukal.fr\/blog\/wp-content\/uploads\/2017\/01\/LOGOBK2.jpg","contentUrl":"https:\/\/www.lebeaukal.fr\/blog\/wp-content\/uploads\/2017\/01\/LOGOBK2.jpg","width":500,"height":500,"caption":"Le BeauKal"},"image":{"@id":"https:\/\/www.lebeaukal.fr\/blog\/#\/schema\/logo\/image\/"},"sameAs":["https:\/\/www.facebook.com\/beaukalexperience\/","https:\/\/x.com\/LeBeaukal","https:\/\/www.instagram.com\/photographemontorgueil\/","https:\/\/www.linkedin.com\/in\/christiandebrossesphotographe\/"]},{"@type":"Person","@id":"https:\/\/www.lebeaukal.fr\/blog\/#\/schema\/person\/98c131ff4c5a3ec8104e930794adf33f","name":"ChristianBK","image":{"@type":"ImageObject","inLanguage":"fr-FR","@id":"https:\/\/www.lebeaukal.fr\/blog\/#\/schema\/person\/image\/","url":"https:\/\/secure.gravatar.com\/avatar\/c363618de0d3e7978149ed892cf0466777ea09234acdd07bafe30ab1a90d7e55?s=96&d=mm&r=g","contentUrl":"https:\/\/secure.gravatar.com\/avatar\/c363618de0d3e7978149ed892cf0466777ea09234acdd07bafe30ab1a90d7e55?s=96&d=mm&r=g","caption":"ChristianBK"}}]}},"uagb_featured_image_src":{"full":["https:\/\/www.lebeaukal.fr\/blog\/wp-content\/uploads\/2018\/06\/IMG_0015b.jpg",621,900,false],"thumbnail":["https:\/\/www.lebeaukal.fr\/blog\/wp-content\/uploads\/2018\/06\/IMG_0015b-150x150.jpg",150,150,true],"medium":["https:\/\/www.lebeaukal.fr\/blog\/wp-content\/uploads\/2018\/06\/IMG_0015b-207x300.jpg",207,300,true],"medium_large":["https:\/\/www.lebeaukal.fr\/blog\/wp-content\/uploads\/2018\/06\/IMG_0015b.jpg",621,900,false],"large":["https:\/\/www.lebeaukal.fr\/blog\/wp-content\/uploads\/2018\/06\/IMG_0015b.jpg",621,900,false],"slgf_12_thumb":["https:\/\/www.lebeaukal.fr\/blog\/wp-content\/uploads\/2018\/06\/IMG_0015b-500x900.jpg",500,900,true],"slgf_346_thumb":["https:\/\/www.lebeaukal.fr\/blog\/wp-content\/uploads\/2018\/06\/IMG_0015b-400x900.jpg",400,900,true],"slgf_12_same_size_thumb":["https:\/\/www.lebeaukal.fr\/blog\/wp-content\/uploads\/2018\/06\/IMG_0015b-500x500.jpg",500,500,true],"slgf_346_same_size_thumb":["https:\/\/www.lebeaukal.fr\/blog\/wp-content\/uploads\/2018\/06\/IMG_0015b-400x400.jpg",400,400,true],"rpg_gallery_admin_thumb":["https:\/\/www.lebeaukal.fr\/blog\/wp-content\/uploads\/2018\/06\/IMG_0015b-150x150.jpg",150,150,true],"rpg_gallery_thumb":["https:\/\/www.lebeaukal.fr\/blog\/wp-content\/uploads\/2018\/06\/IMG_0015b-150x150.jpg",150,150,true],"1536x1536":["https:\/\/www.lebeaukal.fr\/blog\/wp-content\/uploads\/2018\/06\/IMG_0015b.jpg",621,900,false],"2048x2048":["https:\/\/www.lebeaukal.fr\/blog\/wp-content\/uploads\/2018\/06\/IMG_0015b.jpg",621,900,false],"blog-large":["https:\/\/www.lebeaukal.fr\/blog\/wp-content\/uploads\/2018\/06\/IMG_0015b-621x272.jpg",621,272,true],"blog-medium":["https:\/\/www.lebeaukal.fr\/blog\/wp-content\/uploads\/2018\/06\/IMG_0015b-320x202.jpg",320,202,true],"recent-posts":["https:\/\/www.lebeaukal.fr\/blog\/wp-content\/uploads\/2018\/06\/IMG_0015b-621x441.jpg",621,441,true],"recent-works-thumbnail":["https:\/\/www.lebeaukal.fr\/blog\/wp-content\/uploads\/2018\/06\/IMG_0015b-66x66.jpg",66,66,true],"fusion-200":["https:\/\/www.lebeaukal.fr\/blog\/wp-content\/uploads\/2018\/06\/IMG_0015b-200x290.jpg",200,290,true],"fusion-400":["https:\/\/www.lebeaukal.fr\/blog\/wp-content\/uploads\/2018\/06\/IMG_0015b-400x580.jpg",400,580,true],"fusion-600":["https:\/\/www.lebeaukal.fr\/blog\/wp-content\/uploads\/2018\/06\/IMG_0015b-600x870.jpg",600,870,true],"fusion-800":["https:\/\/www.lebeaukal.fr\/blog\/wp-content\/uploads\/2018\/06\/IMG_0015b.jpg",621,900,false],"fusion-1200":["https:\/\/www.lebeaukal.fr\/blog\/wp-content\/uploads\/2018\/06\/IMG_0015b.jpg",621,900,false],"portfolio-full":["https:\/\/www.lebeaukal.fr\/blog\/wp-content\/uploads\/2018\/06\/IMG_0015b-621x400.jpg",621,400,true],"portfolio-one":["https:\/\/www.lebeaukal.fr\/blog\/wp-content\/uploads\/2018\/06\/IMG_0015b-540x272.jpg",540,272,true],"portfolio-two":["https:\/\/www.lebeaukal.fr\/blog\/wp-content\/uploads\/2018\/06\/IMG_0015b-460x295.jpg",460,295,true],"portfolio-three":["https:\/\/www.lebeaukal.fr\/blog\/wp-content\/uploads\/2018\/06\/IMG_0015b-300x214.jpg",300,214,true],"portfolio-five":["https:\/\/www.lebeaukal.fr\/blog\/wp-content\/uploads\/2018\/06\/IMG_0015b-177x142.jpg",177,142,true]},"uagb_author_info":{"display_name":"ChristianBK","author_link":"https:\/\/www.lebeaukal.fr\/blog\/author\/christianbk\/"},"uagb_comment_info":0,"uagb_excerpt":"Introduction Dans le coin de Notre Dame, on peut croiser le\u00a0photographe Christian de Brosses, un artiste qui vend ses photos dans la rue. Malheureusement pas devant car le parvis de la cath\u00e9drale est soumis \u00e0 des r\u00e8gles particuli\u00e8rement strictes. Des petits groupes en civil ou en uniforme sont charg\u00e9s d&rsquo;expliquer et de faire respecter les\u2026","_links":{"self":[{"href":"https:\/\/www.lebeaukal.fr\/blog\/wp-json\/wp\/v2\/posts\/1401","targetHints":{"allow":["GET"]}}],"collection":[{"href":"https:\/\/www.lebeaukal.fr\/blog\/wp-json\/wp\/v2\/posts"}],"about":[{"href":"https:\/\/www.lebeaukal.fr\/blog\/wp-json\/wp\/v2\/types\/post"}],"author":[{"embeddable":true,"href":"https:\/\/www.lebeaukal.fr\/blog\/wp-json\/wp\/v2\/users\/1"}],"replies":[{"embeddable":true,"href":"https:\/\/www.lebeaukal.fr\/blog\/wp-json\/wp\/v2\/comments?post=1401"}],"version-history":[{"count":20,"href":"https:\/\/www.lebeaukal.fr\/blog\/wp-json\/wp\/v2\/posts\/1401\/revisions"}],"predecessor-version":[{"id":1769,"href":"https:\/\/www.lebeaukal.fr\/blog\/wp-json\/wp\/v2\/posts\/1401\/revisions\/1769"}],"wp:featuredmedia":[{"embeddable":true,"href":"https:\/\/www.lebeaukal.fr\/blog\/wp-json\/wp\/v2\/media\/1407"}],"wp:attachment":[{"href":"https:\/\/www.lebeaukal.fr\/blog\/wp-json\/wp\/v2\/media?parent=1401"}],"wp:term":[{"taxonomy":"category","embeddable":true,"href":"https:\/\/www.lebeaukal.fr\/blog\/wp-json\/wp\/v2\/categories?post=1401"},{"taxonomy":"post_tag","embeddable":true,"href":"https:\/\/www.lebeaukal.fr\/blog\/wp-json\/wp\/v2\/tags?post=1401"}],"curies":[{"name":"wp","href":"https:\/\/api.w.org\/{rel}","templated":true}]}}